{"id":23593,"date":"2025-02-20T10:43:41","date_gmt":"2025-02-20T10:43:41","guid":{"rendered":"https:\/\/www.notijalapa.net\/noticias\/?p=23593"},"modified":"2025-02-20T11:01:00","modified_gmt":"2025-02-20T11:01:00","slug":"inician-el-ciclo-escolar-2025-en-el-sector-publico","status":"publish","type":"post","link":"https:\/\/www.notijalapa.net\/noticias\/2025\/02\/20\/inician-el-ciclo-escolar-2025-en-el-sector-publico\/","title":{"rendered":"Inician el ciclo escolar 2025 en el sector p\u00fablico"},"content":{"rendered":"<p>Este mi\u00e9rcoles, estuvieron realizando el acto de inauguraci\u00f3n al ciclo escolar 2025, esperando que todo marche de la mejor manera, para brindar el proceso de ense\u00f1anza y aprendizaje a los ni\u00f1os, seg\u00fan lo dio a conocer Glenda Castro directora de la Escuela No. 1 jornada matutina.<\/p>\n<p><a href=\"https:\/\/www.notijalapa.net\/noticias\/2025\/02\/20\/siguen-entregando-asistencia-alimentaria-y-mas-de-6-mil-familias-han-sido-beneficiadas\/\">MIRA: Siguen entregando asistencia alimentaria y m\u00e1s de 6 mil familias han sido beneficiadas<\/a><\/p>\n<p>En lo personal ella se siente muy satisfecha de iniciar un nuevo ciclo escolar, para ella son 23 a\u00f1os de servicio como docente, esperan seguir brindando su conocimiento a los ni\u00f1os, para que ellos tambi\u00e9n sean unos buenos profesionales.<\/p>\n<p><iframe loading=\"lazy\" title=\"Inician el ciclo escolar 2025 en el sector p\u00fablico\" width=\"640\" height=\"360\" src=\"https:\/\/www.youtube.com\/embed\/dsn1WczW5kM?feature=oembed\" frameborder=\"0\" allow=\"accelerometer; autoplay; clipboard-write; encrypted-media; gyroscope; picture-in-picture; web-share\" referrerpolicy=\"strict-origin-when-cross-origin\" allowfullscreen><\/iframe><\/p>\n<p>Tambi\u00e9n ya est\u00e1n trabajando fuertemente para los programas de apoyo, entregarlos lo m\u00e1s pronto posible a los ni\u00f1os, porque deben darles su alimentaci\u00f3n escolar y los \u00fatiles escolares, porque los desembolsos ya vienen para hacer la entrega los primeros d\u00edas del ciclo escolar.<\/p>\n<p style=\"text-align: center;\"><iframe loading=\"lazy\" style=\"border: none; overflow: hidden;\" src=\"https:\/\/www.facebook.com\/plugins\/post.php?href=https%3A%2F%2Fwww.facebook.com%2Fpermalink.php%3Fstory_fbid%3Dpfbid02QYRT7pfLfZX3PPgyM1o8i2BzdrQpnD1sLEvTy1ZxT75waCjyfuThxS47yD929Nrzl%26id%3D100083158940816&amp;show_text=true&amp;width=500\" width=\"500\" height=\"813\" frameborder=\"0\" scrolling=\"no\" allowfullscreen=\"allowfullscreen\"><\/iframe><\/p>\n","protected":false},"excerpt":{"rendered":"<p>Este mi\u00e9rcoles, estuvieron realizando el acto de inauguraci\u00f3n al ciclo escolar 2025, esperando que todo marche de la mejor manera, para brindar el proceso de ense\u00f1anza y aprendizaje a los ni\u00f1os, seg\u00fan lo dio a conocer Glenda Castro directora de la Escuela No. 1 jornada matutina. MIRA: Siguen entregando asistencia alimentaria y m\u00e1s de 6 mil familias han sido beneficiadas En lo personal ella se siente muy satisfecha de iniciar un nuevo ciclo escolar, para ella son 23 a\u00f1os de servicio como docente, esperan seguir brindando su conocimiento a los&hellip;<\/p>\n","protected":false},"author":2,"featured_media":23585,"comment_status":"open","ping_status":"open","sticky":false,"template":"","format":"standard","meta":{"footnotes":""},"categories":[3],"tags":[8504,8503],"class_list":["post-23593","post","type-post","status-publish","format-standard","has-post-thumbnail","hentry","category-locales","tag-en-el-sector-publico","tag-inician-el-ciclo-escolar-2025"],"gutentor_comment":0,"_links":{"self":[{"href":"https:\/\/www.notijalapa.net\/noticias\/wp-json\/wp\/v2\/posts\/23593","targetHints":{"allow":["GET"]}}],"collection":[{"href":"https:\/\/www.notijalapa.net\/noticias\/wp-json\/wp\/v2\/posts"}],"about":[{"href":"https:\/\/www.notijalapa.net\/noticias\/wp-json\/wp\/v2\/types\/post"}],"author":[{"embeddable":true,"href":"https:\/\/www.notijalapa.net\/noticias\/wp-json\/wp\/v2\/users\/2"}],"replies":[{"embeddable":true,"href":"https:\/\/www.notijalapa.net\/noticias\/wp-json\/wp\/v2\/comments?post=23593"}],"version-history":[{"count":2,"href":"https:\/\/www.notijalapa.net\/noticias\/wp-json\/wp\/v2\/posts\/23593\/revisions"}],"predecessor-version":[{"id":23602,"href":"https:\/\/www.notijalapa.net\/noticias\/wp-json\/wp\/v2\/posts\/23593\/revisions\/23602"}],"wp:featuredmedia":[{"embeddable":true,"href":"https:\/\/www.notijalapa.net\/noticias\/wp-json\/wp\/v2\/media\/23585"}],"wp:attachment":[{"href":"https:\/\/www.notijalapa.net\/noticias\/wp-json\/wp\/v2\/media?parent=23593"}],"wp:term":[{"taxonomy":"category","embeddable":true,"href":"https:\/\/www.notijalapa.net\/noticias\/wp-json\/wp\/v2\/categories?post=23593"},{"taxonomy":"post_tag","embeddable":true,"href":"https:\/\/www.notijalapa.net\/noticias\/wp-json\/wp\/v2\/tags?post=23593"}],"curies":[{"name":"wp","href":"https:\/\/api.w.org\/{rel}","templated":true}]}}