{"id":23581,"date":"2025-02-20T10:42:17","date_gmt":"2025-02-20T10:42:17","guid":{"rendered":"https:\/\/www.notijalapa.net\/noticias\/?p=23581"},"modified":"2025-02-20T11:03:36","modified_gmt":"2025-02-20T11:03:36","slug":"los-amigos-de-lo-ajeno-robaron-una-reja-del-centro-educativo","status":"publish","type":"post","link":"https:\/\/www.notijalapa.net\/noticias\/2025\/02\/20\/los-amigos-de-lo-ajeno-robaron-una-reja-del-centro-educativo\/","title":{"rendered":"Los amigos de lo ajeno robaron una reja del centro educativo"},"content":{"rendered":"<p>Este mi\u00e9rcoles los sorprendi\u00f3 que cuando llegan a la escuela ven que los amigos de lo ajeno ingresaron al centro educativo y se llevaron la reja de la jornada vespertina, la cual brinda seguridad a los pocos bienes que tienen dentro del centro educativo, seg\u00fan lo dio a conocer Glenda Castro directora de la Escuela No. 1 jornada matutina.<\/p>\n<p><a href=\"https:\/\/www.notijalapa.net\/noticias\/2025\/02\/20\/los-reservistas-militares-tendran-diferentes-capacitaciones-y-entrenamientos\/\">MIRA: Los reservistas militares tendr\u00e1n diferentes capacitaciones y entrenamientos<\/a><\/p>\n<p>A pesar de las circunstancias ellos han tocado puertas para que les ayuden y lamentablemente personas desconocidas ingresaron al centro educativo, no saben a que hora, pero fueron las noticias con las que se toparon la ma\u00f1ana de este mi\u00e9rcoles.<\/p>\n<p><iframe loading=\"lazy\" title=\"Los amigos de lo ajeno robaron una reja del centro educativo\" width=\"640\" height=\"360\" src=\"https:\/\/www.youtube.com\/embed\/oQUg_GLdfTM?feature=oembed\" frameborder=\"0\" allow=\"accelerometer; autoplay; clipboard-write; encrypted-media; gyroscope; picture-in-picture; web-share\" referrerpolicy=\"strict-origin-when-cross-origin\" allowfullscreen><\/iframe><\/p>\n<p>Consideran que, ingresaron por el tapial que da a las gradas del segundo nivel de la entrada principal, porque el tapial est\u00e1 bajo, hab\u00eda alambre de p\u00faas, pero con el tiempo lo han da\u00f1ado y ahora est\u00e1n en la situaci\u00f3n de implementar mayor seguridad en esta \u00e1rea.<\/p>\n<p>Hace un llamado a las autoridades para que les brinden seguridad o tambi\u00e9n que les apoyen con un guardi\u00e1n, para evitar que se sigan reportando robos en este centro educativo, porque ellos hacen las cosas con gran sacrificio.<\/p>\n<p style=\"text-align: center;\"><iframe loading=\"lazy\" style=\"border: none; overflow: hidden;\" src=\"https:\/\/www.facebook.com\/plugins\/post.php?href=https%3A%2F%2Fwww.facebook.com%2Fpermalink.php%3Fstory_fbid%3Dpfbid02AdgpLiSAo98Dmr6gKzWHRrCJp2hSu6a1Ga8Tz1oTsPZFN3xPUa429mX3jcuABHHtl%26id%3D100083158940816&amp;show_text=true&amp;width=500\" width=\"500\" height=\"794\" frameborder=\"0\" scrolling=\"no\" allowfullscreen=\"allowfullscreen\"><\/iframe><\/p>\n","protected":false},"excerpt":{"rendered":"<p>Este mi\u00e9rcoles los sorprendi\u00f3 que cuando llegan a la escuela ven que los amigos de lo ajeno ingresaron al centro educativo y se llevaron la reja de la jornada vespertina, la cual brinda seguridad a los pocos bienes que tienen dentro del centro educativo, seg\u00fan lo dio a conocer Glenda Castro directora de la Escuela No. 1 jornada matutina. MIRA: Los reservistas militares tendr\u00e1n diferentes capacitaciones y entrenamientos A pesar de las circunstancias ellos han tocado puertas para que les ayuden y lamentablemente personas desconocidas ingresaron al centro educativo, no&hellip;<\/p>\n","protected":false},"author":2,"featured_media":23582,"comment_status":"open","ping_status":"open","sticky":false,"template":"","format":"standard","meta":{"footnotes":""},"categories":[3],"tags":[8497,8498],"class_list":["post-23581","post","type-post","status-publish","format-standard","has-post-thumbnail","hentry","category-locales","tag-los-amigos-de-lo-ajeno-robaron","tag-una-reja-del-centro-educativo"],"gutentor_comment":0,"_links":{"self":[{"href":"https:\/\/www.notijalapa.net\/noticias\/wp-json\/wp\/v2\/posts\/23581","targetHints":{"allow":["GET"]}}],"collection":[{"href":"https:\/\/www.notijalapa.net\/noticias\/wp-json\/wp\/v2\/posts"}],"about":[{"href":"https:\/\/www.notijalapa.net\/noticias\/wp-json\/wp\/v2\/types\/post"}],"author":[{"embeddable":true,"href":"https:\/\/www.notijalapa.net\/noticias\/wp-json\/wp\/v2\/users\/2"}],"replies":[{"embeddable":true,"href":"https:\/\/www.notijalapa.net\/noticias\/wp-json\/wp\/v2\/comments?post=23581"}],"version-history":[{"count":3,"href":"https:\/\/www.notijalapa.net\/noticias\/wp-json\/wp\/v2\/posts\/23581\/revisions"}],"predecessor-version":[{"id":23606,"href":"https:\/\/www.notijalapa.net\/noticias\/wp-json\/wp\/v2\/posts\/23581\/revisions\/23606"}],"wp:featuredmedia":[{"embeddable":true,"href":"https:\/\/www.notijalapa.net\/noticias\/wp-json\/wp\/v2\/media\/23582"}],"wp:attachment":[{"href":"https:\/\/www.notijalapa.net\/noticias\/wp-json\/wp\/v2\/media?parent=23581"}],"wp:term":[{"taxonomy":"category","embeddable":true,"href":"https:\/\/www.notijalapa.net\/noticias\/wp-json\/wp\/v2\/categories?post=23581"},{"taxonomy":"post_tag","embeddable":true,"href":"https:\/\/www.notijalapa.net\/noticias\/wp-json\/wp\/v2\/tags?post=23581"}],"curies":[{"name":"wp","href":"https:\/\/api.w.org\/{rel}","templated":true}]}}