{"id":23202,"date":"2025-01-29T10:54:29","date_gmt":"2025-01-29T10:54:29","guid":{"rendered":"https:\/\/www.notijalapa.net\/noticias\/?p=23202"},"modified":"2025-01-29T11:11:17","modified_gmt":"2025-01-29T11:11:17","slug":"capacitaran-a-mas-de-10-mil-personas-en-temas-de-derechos-humanos","status":"publish","type":"post","link":"https:\/\/www.notijalapa.net\/noticias\/2025\/01\/29\/capacitaran-a-mas-de-10-mil-personas-en-temas-de-derechos-humanos\/","title":{"rendered":"Capacitar\u00e1n a m\u00e1s de 10 mil personas en temas de derechos humanos"},"content":{"rendered":"<p>En este a\u00f1o 2025 est\u00e1n por iniciar con todos los procesos educativos y de formaci\u00f3n, est\u00e1n empe\u00f1ados en capacitar a m\u00e1s de diez mil personas durante este a\u00f1o y trabajar con poblaci\u00f3n xinca, ind\u00edgenas, hombres, mujeres y j\u00f3venes, para formarlos en temas de derechos humanos, seg\u00fan lo dio a conocer la Licda. Cecilia Isabel Aguirre Auxiliar del Procurador de los Derechos Humanos.<\/p>\n<p><a href=\"https:\/\/www.notijalapa.net\/noticias\/2025\/01\/29\/cinco-personas-fueron-detenidas-durante-las-ultimas-72-horas\/\">MIRA: Cinco personas fueron detenidas durante las \u00faltimas 72 horas<\/a><\/p>\n<p>Es as\u00ed como est\u00e1n listos para arrancar con todos los procesos de formaci\u00f3n, promoci\u00f3n y educaci\u00f3n en materia de derechos humanos, invitan a la poblaci\u00f3n para que se unan a este esfuerzo que est\u00e1n haciendo en materia de educaci\u00f3n.<\/p>\n<p><iframe loading=\"lazy\" title=\"Capacitar\u00e1n a m\u00e1s de 10 mil personas en temas de derechos humanos\" width=\"640\" height=\"360\" src=\"https:\/\/www.youtube.com\/embed\/6__5MYGx5DE?feature=oembed\" frameborder=\"0\" allow=\"accelerometer; autoplay; clipboard-write; encrypted-media; gyroscope; picture-in-picture; web-share\" referrerpolicy=\"strict-origin-when-cross-origin\" allowfullscreen><\/iframe><\/p>\n<p>Si necesitan procesos de formaci\u00f3n en materia de derechos humanos, hagan del conocimiento a la auxiliatura, que les hagan la petici\u00f3n, que tambi\u00e9n ellos dentro de la planificaci\u00f3n act\u00faan por demanda para seguir con estos procesos.<\/p>\n<p style=\"text-align: center;\"><iframe loading=\"lazy\" style=\"border: none; overflow: hidden;\" src=\"https:\/\/www.facebook.com\/plugins\/post.php?href=https%3A%2F%2Fwww.facebook.com%2Fpermalink.php%3Fstory_fbid%3Dpfbid02J8DpuJyVS9cWoY6dotN91WnkJe6jPdR4QqDKuuiBGJL6gaAS8jKoGPMctxMbGz1pl%26id%3D100083158940816&amp;show_text=true&amp;width=500\" width=\"500\" height=\"506\" frameborder=\"0\" scrolling=\"no\" allowfullscreen=\"allowfullscreen\"><\/iframe><\/p>\n","protected":false},"excerpt":{"rendered":"<p>En este a\u00f1o 2025 est\u00e1n por iniciar con todos los procesos educativos y de formaci\u00f3n, est\u00e1n empe\u00f1ados en capacitar a m\u00e1s de diez mil personas durante este a\u00f1o y trabajar con poblaci\u00f3n xinca, ind\u00edgenas, hombres, mujeres y j\u00f3venes, para formarlos en temas de derechos humanos, seg\u00fan lo dio a conocer la Licda. Cecilia Isabel Aguirre Auxiliar del Procurador de los Derechos Humanos. MIRA: Cinco personas fueron detenidas durante las \u00faltimas 72 horas Es as\u00ed como est\u00e1n listos para arrancar con todos los procesos de formaci\u00f3n, promoci\u00f3n y educaci\u00f3n en materia&hellip;<\/p>\n","protected":false},"author":2,"featured_media":23193,"comment_status":"open","ping_status":"open","sticky":false,"template":"","format":"standard","meta":{"footnotes":""},"categories":[3],"tags":[8326,8327],"class_list":["post-23202","post","type-post","status-publish","format-standard","has-post-thumbnail","hentry","category-locales","tag-capacitaran-a-mas-de-10-mil","tag-personas-en-temas-de-derechos-humanos"],"gutentor_comment":0,"_links":{"self":[{"href":"https:\/\/www.notijalapa.net\/noticias\/wp-json\/wp\/v2\/posts\/23202","targetHints":{"allow":["GET"]}}],"collection":[{"href":"https:\/\/www.notijalapa.net\/noticias\/wp-json\/wp\/v2\/posts"}],"about":[{"href":"https:\/\/www.notijalapa.net\/noticias\/wp-json\/wp\/v2\/types\/post"}],"author":[{"embeddable":true,"href":"https:\/\/www.notijalapa.net\/noticias\/wp-json\/wp\/v2\/users\/2"}],"replies":[{"embeddable":true,"href":"https:\/\/www.notijalapa.net\/noticias\/wp-json\/wp\/v2\/comments?post=23202"}],"version-history":[{"count":2,"href":"https:\/\/www.notijalapa.net\/noticias\/wp-json\/wp\/v2\/posts\/23202\/revisions"}],"predecessor-version":[{"id":23211,"href":"https:\/\/www.notijalapa.net\/noticias\/wp-json\/wp\/v2\/posts\/23202\/revisions\/23211"}],"wp:featuredmedia":[{"embeddable":true,"href":"https:\/\/www.notijalapa.net\/noticias\/wp-json\/wp\/v2\/media\/23193"}],"wp:attachment":[{"href":"https:\/\/www.notijalapa.net\/noticias\/wp-json\/wp\/v2\/media?parent=23202"}],"wp:term":[{"taxonomy":"category","embeddable":true,"href":"https:\/\/www.notijalapa.net\/noticias\/wp-json\/wp\/v2\/categories?post=23202"},{"taxonomy":"post_tag","embeddable":true,"href":"https:\/\/www.notijalapa.net\/noticias\/wp-json\/wp\/v2\/tags?post=23202"}],"curies":[{"name":"wp","href":"https:\/\/api.w.org\/{rel}","templated":true}]}}