{"id":2314,"date":"2021-12-30T13:07:38","date_gmt":"2021-12-30T13:07:38","guid":{"rendered":"https:\/\/www.notijalapa.net\/noticias\/?p=2314"},"modified":"2021-12-30T13:19:27","modified_gmt":"2021-12-30T13:19:27","slug":"incrementan-los-ninos-con-enfermedades-respiratorias","status":"publish","type":"post","link":"https:\/\/www.notijalapa.net\/noticias\/2021\/12\/30\/incrementan-los-ninos-con-enfermedades-respiratorias\/","title":{"rendered":"Incrementan los ni\u00f1os con enfermedades respiratorias"},"content":{"rendered":"<p>En los \u00faltimos d\u00edas de noviembre y el mes de diciembre, han tenido un repunte a nivel nacional de problemas respiratorios en ni\u00f1os, tanto que ha sido muy dif\u00edcil la diferenciaci\u00f3n si no es un problema respiratorio causado por coronavirus o es otro virus como la influenza que normalmente afecta a los ni\u00f1os, seg\u00fan lo dio a conocer el Dr. Juan Carlos Rodr\u00edguez M\u00e9dico Pediatra.<\/p>\n<p><a href=\"https:\/\/www.notijalapa.net\/noticias\/2021\/12\/30\/deben-trabajar-en-conjunto-con-las-municipalidades-para-darle-mantenimiento-a-las-carreteras\/\">MIRA: Deben trabajar en conjunto con las municipalidades para darle mantenimiento a las carreteras<\/a><\/p>\n<p>Hay un reporte a nivel nacional que han tenido un incremento de m\u00e1s de un cien por ciento de ni\u00f1os con problemas respiratorios, principalmente neumon\u00edas y problemas de bronquiolitis y ha sido muy dif\u00edcil el diferenciar si no se trata de Covid-19.<\/p>\n<p><iframe loading=\"lazy\" title=\"Incrementan Los Ni\u00f1os Con Enfermedades Respiratorias 1\" width=\"640\" height=\"360\" src=\"https:\/\/www.youtube.com\/embed\/spzULSJFg0s?feature=oembed\" frameborder=\"0\" allow=\"accelerometer; autoplay; clipboard-write; encrypted-media; gyroscope; picture-in-picture; web-share\" referrerpolicy=\"strict-origin-when-cross-origin\" allowfullscreen><\/iframe><\/p>\n<p>Considera que tambi\u00e9n los cambios de climas han venido a afectar la salud de los ni\u00f1os y a\u00f1os anteriores ha sido la \u00e9poca donde se tenia un leve incremento de ni\u00f1os con problemas respiratorios, pero este a\u00f1o si han incrementado considerablemente, pero no se puede decir si se trata de Covid-19 o de Influenza.<\/p>\n<p style=\"text-align: center;\"><iframe loading=\"lazy\" style=\"border: none; overflow: hidden;\" src=\"https:\/\/www.facebook.com\/plugins\/post.php?href=https%3A%2F%2Fwww.facebook.com%2Fpermalink.php%3Fstory_fbid%3D4726937867422327%26id%3D541551329294356&amp;show_text=true&amp;width=500\" width=\"500\" height=\"773\" frameborder=\"0\" scrolling=\"no\" allowfullscreen=\"allowfullscreen\"><\/iframe><\/p>\n","protected":false},"excerpt":{"rendered":"<p>En los \u00faltimos d\u00edas de noviembre y el mes de diciembre, han tenido un repunte a nivel nacional de problemas respiratorios en ni\u00f1os, tanto que ha sido muy dif\u00edcil la diferenciaci\u00f3n si no es un problema respiratorio causado por coronavirus o es otro virus como la influenza que normalmente afecta a los ni\u00f1os, seg\u00fan lo dio a conocer el Dr. Juan Carlos Rodr\u00edguez M\u00e9dico Pediatra. MIRA: Deben trabajar en conjunto con las municipalidades para darle mantenimiento a las carreteras Hay un reporte a nivel nacional que han tenido un incremento&hellip;<\/p>\n","protected":false},"author":2,"featured_media":2310,"comment_status":"open","ping_status":"open","sticky":false,"template":"","format":"standard","meta":{"footnotes":""},"categories":[3],"tags":[436,437],"class_list":["post-2314","post","type-post","status-publish","format-standard","has-post-thumbnail","hentry","category-locales","tag-covid-19-o-de-influenza","tag-problemas-respiratorios-en-ninos"],"gutentor_comment":0,"_links":{"self":[{"href":"https:\/\/www.notijalapa.net\/noticias\/wp-json\/wp\/v2\/posts\/2314","targetHints":{"allow":["GET"]}}],"collection":[{"href":"https:\/\/www.notijalapa.net\/noticias\/wp-json\/wp\/v2\/posts"}],"about":[{"href":"https:\/\/www.notijalapa.net\/noticias\/wp-json\/wp\/v2\/types\/post"}],"author":[{"embeddable":true,"href":"https:\/\/www.notijalapa.net\/noticias\/wp-json\/wp\/v2\/users\/2"}],"replies":[{"embeddable":true,"href":"https:\/\/www.notijalapa.net\/noticias\/wp-json\/wp\/v2\/comments?post=2314"}],"version-history":[{"count":2,"href":"https:\/\/www.notijalapa.net\/noticias\/wp-json\/wp\/v2\/posts\/2314\/revisions"}],"predecessor-version":[{"id":2323,"href":"https:\/\/www.notijalapa.net\/noticias\/wp-json\/wp\/v2\/posts\/2314\/revisions\/2323"}],"wp:featuredmedia":[{"embeddable":true,"href":"https:\/\/www.notijalapa.net\/noticias\/wp-json\/wp\/v2\/media\/2310"}],"wp:attachment":[{"href":"https:\/\/www.notijalapa.net\/noticias\/wp-json\/wp\/v2\/media?parent=2314"}],"wp:term":[{"taxonomy":"category","embeddable":true,"href":"https:\/\/www.notijalapa.net\/noticias\/wp-json\/wp\/v2\/categories?post=2314"},{"taxonomy":"post_tag","embeddable":true,"href":"https:\/\/www.notijalapa.net\/noticias\/wp-json\/wp\/v2\/tags?post=2314"}],"curies":[{"name":"wp","href":"https:\/\/api.w.org\/{rel}","templated":true}]}}