{"id":2312,"date":"2021-12-30T13:06:45","date_gmt":"2021-12-30T13:06:45","guid":{"rendered":"https:\/\/www.notijalapa.net\/noticias\/?p=2312"},"modified":"2021-12-30T13:20:22","modified_gmt":"2021-12-30T13:20:22","slug":"no-se-han-registrado-incendios-forestales","status":"publish","type":"post","link":"https:\/\/www.notijalapa.net\/noticias\/2021\/12\/30\/no-se-han-registrado-incendios-forestales\/","title":{"rendered":"No se han registrado incendios forestales"},"content":{"rendered":"<p>Hasta el momento no se ha registrado ning\u00fan incendio forestal, al cual hayan sido requeridos los Bomberos Forestales de la CONRED, ellos se encuentran en apresto ante cualquier incendio que se pueda suscitar en esto \u00faltimos d\u00edas del a\u00f1o, seg\u00fan lo dio a conocer Oscar Garc\u00eda t\u00e9cnico regional en incendios forestales de la CONRED.<\/p>\n<p><a href=\"https:\/\/www.notijalapa.net\/noticias\/2021\/12\/30\/bomberos-forestales-en-apresto-por-el-ingreso-a-la-temporada-de-incendios\/\">MIRA: Bomberos Forestales en apresto por el ingreso a la temporada de incendios<\/a><\/p>\n<p>Ellos cubren la regi\u00f3n que incluyen los departamentos de Jalapa, Jutiapa y Santa Rosa, pero hasta el momento no se ha registrado ning\u00fan incendio en estos departamentos.<\/p>\n<p><iframe loading=\"lazy\" title=\"No Se Han Registrado Incendios Forestales 1\" width=\"640\" height=\"360\" src=\"https:\/\/www.youtube.com\/embed\/2slUQb3my2Y?feature=oembed\" frameborder=\"0\" allow=\"accelerometer; autoplay; clipboard-write; encrypted-media; gyroscope; picture-in-picture; web-share\" referrerpolicy=\"strict-origin-when-cross-origin\" allowfullscreen><\/iframe><\/p>\n<p>Pide a las municipalidades el tener la debida comunicaci\u00f3n con las instituciones que colaboran con el combate de los incendios forestales, para enviar un reporte de cualquier incendio forestal que se haya su citado o si han tenido incendio de pastizales, para que ellos como encargados de la CONRED, puedan llenar la papeler\u00eda y las bases de datos que se actualizan diariamente.<\/p>\n<p style=\"text-align: center;\"><iframe loading=\"lazy\" style=\"border: none; overflow: hidden;\" src=\"https:\/\/www.facebook.com\/plugins\/post.php?href=https%3A%2F%2Fwww.facebook.com%2Fpermalink.php%3Fstory_fbid%3D4726933144089466%26id%3D541551329294356&amp;show_text=true&amp;width=500\" width=\"500\" height=\"773\" frameborder=\"0\" scrolling=\"no\" allowfullscreen=\"allowfullscreen\"><\/iframe><\/p>\n","protected":false},"excerpt":{"rendered":"<p>Hasta el momento no se ha registrado ning\u00fan incendio forestal, al cual hayan sido requeridos los Bomberos Forestales de la CONRED, ellos se encuentran en apresto ante cualquier incendio que se pueda suscitar en esto \u00faltimos d\u00edas del a\u00f1o, seg\u00fan lo dio a conocer Oscar Garc\u00eda t\u00e9cnico regional en incendios forestales de la CONRED. MIRA: Bomberos Forestales en apresto por el ingreso a la temporada de incendios Ellos cubren la regi\u00f3n que incluyen los departamentos de Jalapa, Jutiapa y Santa Rosa, pero hasta el momento no se ha registrado ning\u00fan&hellip;<\/p>\n","protected":false},"author":2,"featured_media":2309,"comment_status":"open","ping_status":"open","sticky":false,"template":"","format":"standard","meta":{"footnotes":""},"categories":[3],"tags":[435,104],"class_list":["post-2312","post","type-post","status-publish","format-standard","has-post-thumbnail","hentry","category-locales","tag-cubren-la-region","tag-incendio-forestal"],"gutentor_comment":0,"_links":{"self":[{"href":"https:\/\/www.notijalapa.net\/noticias\/wp-json\/wp\/v2\/posts\/2312","targetHints":{"allow":["GET"]}}],"collection":[{"href":"https:\/\/www.notijalapa.net\/noticias\/wp-json\/wp\/v2\/posts"}],"about":[{"href":"https:\/\/www.notijalapa.net\/noticias\/wp-json\/wp\/v2\/types\/post"}],"author":[{"embeddable":true,"href":"https:\/\/www.notijalapa.net\/noticias\/wp-json\/wp\/v2\/users\/2"}],"replies":[{"embeddable":true,"href":"https:\/\/www.notijalapa.net\/noticias\/wp-json\/wp\/v2\/comments?post=2312"}],"version-history":[{"count":2,"href":"https:\/\/www.notijalapa.net\/noticias\/wp-json\/wp\/v2\/posts\/2312\/revisions"}],"predecessor-version":[{"id":2325,"href":"https:\/\/www.notijalapa.net\/noticias\/wp-json\/wp\/v2\/posts\/2312\/revisions\/2325"}],"wp:featuredmedia":[{"embeddable":true,"href":"https:\/\/www.notijalapa.net\/noticias\/wp-json\/wp\/v2\/media\/2309"}],"wp:attachment":[{"href":"https:\/\/www.notijalapa.net\/noticias\/wp-json\/wp\/v2\/media?parent=2312"}],"wp:term":[{"taxonomy":"category","embeddable":true,"href":"https:\/\/www.notijalapa.net\/noticias\/wp-json\/wp\/v2\/categories?post=2312"},{"taxonomy":"post_tag","embeddable":true,"href":"https:\/\/www.notijalapa.net\/noticias\/wp-json\/wp\/v2\/tags?post=2312"}],"curies":[{"name":"wp","href":"https:\/\/api.w.org\/{rel}","templated":true}]}}