{"id":23100,"date":"2025-01-23T10:56:06","date_gmt":"2025-01-23T10:56:06","guid":{"rendered":"https:\/\/www.notijalapa.net\/noticias\/?p=23100"},"modified":"2025-01-23T11:09:36","modified_gmt":"2025-01-23T11:09:36","slug":"con-la-eleccion-de-la-madrina-de-bomberos-voluntarios-inician-las-actividades-del-42-aniversario","status":"publish","type":"post","link":"https:\/\/www.notijalapa.net\/noticias\/2025\/01\/23\/con-la-eleccion-de-la-madrina-de-bomberos-voluntarios-inician-las-actividades-del-42-aniversario\/","title":{"rendered":"Con la elecci\u00f3n de la madrina de Bomberos Voluntarios inician las actividades del 42 aniversario"},"content":{"rendered":"<p>Dentro de las actividades que se realizar\u00e1n para conmemorar el 42 aniversario del servicio ininterrumpido de la 44Cia. de Bomberos Voluntarios, iniciar\u00e1n con la elecci\u00f3n y coronaci\u00f3n de la madrina que se realizar\u00e1n el d\u00eda domingo 23 de febrero en la concha ac\u00fastica a partir de las 18:00 horas, seg\u00fan lo dio a conocer el Oficial Gerson Maldonado jefe de la 44Cia. de Bomberos Voluntarios.<\/p>\n<p><a href=\"https:\/\/www.notijalapa.net\/noticias\/2025\/01\/23\/mujer-capturada-acusada-del-delito-de-lavado-de-dinero\/\">MIRA: Mujer capturada acusada del delito de lavado de dinero<\/a><\/p>\n<p>El evento est\u00e1 ya organizado y agradecen a Idalia Ostorga, porque ha estado apoyando desde el a\u00f1o pasado y va a colaborar con su experiencia y habilidades en estos eventos de belleza, de igual forma a la Municipalidad de Jalapa, por darles el lugar donde se realizar\u00e1 la elecci\u00f3n, as\u00ed mismo si hay m\u00e1s personas o comercios que quieran apoyar para realizar este evento est\u00e1n cordialmente invitados.<\/p>\n<p><iframe loading=\"lazy\" title=\"Con la elecci\u00f3n de la madrina de Bomberos Voluntarios inician las actividades del 42 aniversario\" width=\"640\" height=\"360\" src=\"https:\/\/www.youtube.com\/embed\/TRyN3mCjdU8?feature=oembed\" frameborder=\"0\" allow=\"accelerometer; autoplay; clipboard-write; encrypted-media; gyroscope; picture-in-picture; web-share\" referrerpolicy=\"strict-origin-when-cross-origin\" allowfullscreen><\/iframe><\/p>\n<p>Dentro de las actividades de aniversario van a tener de diversos tipos ya sea culturales, religiosas, deportivas y m\u00e1s, que en su momento se van a dar a conocer. Cabe resaltar que, estas actividades no tienen ning\u00fan gasto econ\u00f3mico para la compa\u00f1\u00eda, porque todas las actividades se van a realizar a base de patrocinios.<\/p>\n<p style=\"text-align: center;\"><iframe loading=\"lazy\" style=\"border: none; overflow: hidden;\" src=\"https:\/\/www.facebook.com\/plugins\/post.php?href=https%3A%2F%2Fwww.facebook.com%2Fpermalink.php%3Fstory_fbid%3Dpfbid033agKAoPJZRbyM52knvvNvLe1et2ScY5PGNRUFwRZoBXjwNJr8FF5CuBw1nNRDhxul%26id%3D100083158940816&amp;show_text=true&amp;width=500\" width=\"500\" height=\"545\" frameborder=\"0\" scrolling=\"no\" allowfullscreen=\"allowfullscreen\"><\/iframe><\/p>\n","protected":false},"excerpt":{"rendered":"<p>Dentro de las actividades que se realizar\u00e1n para conmemorar el 42 aniversario del servicio ininterrumpido de la 44Cia. de Bomberos Voluntarios, iniciar\u00e1n con la elecci\u00f3n y coronaci\u00f3n de la madrina que se realizar\u00e1n el d\u00eda domingo 23 de febrero en la concha ac\u00fastica a partir de las 18:00 horas, seg\u00fan lo dio a conocer el Oficial Gerson Maldonado jefe de la 44Cia. de Bomberos Voluntarios. MIRA: Mujer capturada acusada del delito de lavado de dinero El evento est\u00e1 ya organizado y agradecen a Idalia Ostorga, porque ha estado apoyando desde&hellip;<\/p>\n","protected":false},"author":2,"featured_media":23091,"comment_status":"open","ping_status":"open","sticky":false,"template":"","format":"standard","meta":{"footnotes":""},"categories":[3],"tags":[8286,8285],"class_list":["post-23100","post","type-post","status-publish","format-standard","has-post-thumbnail","hentry","category-locales","tag-bomberos-voluntarios-inician-las-actividades-del-42-aniversario","tag-con-la-eleccion-de-la-madrina-de"],"gutentor_comment":0,"_links":{"self":[{"href":"https:\/\/www.notijalapa.net\/noticias\/wp-json\/wp\/v2\/posts\/23100","targetHints":{"allow":["GET"]}}],"collection":[{"href":"https:\/\/www.notijalapa.net\/noticias\/wp-json\/wp\/v2\/posts"}],"about":[{"href":"https:\/\/www.notijalapa.net\/noticias\/wp-json\/wp\/v2\/types\/post"}],"author":[{"embeddable":true,"href":"https:\/\/www.notijalapa.net\/noticias\/wp-json\/wp\/v2\/users\/2"}],"replies":[{"embeddable":true,"href":"https:\/\/www.notijalapa.net\/noticias\/wp-json\/wp\/v2\/comments?post=23100"}],"version-history":[{"count":3,"href":"https:\/\/www.notijalapa.net\/noticias\/wp-json\/wp\/v2\/posts\/23100\/revisions"}],"predecessor-version":[{"id":23103,"href":"https:\/\/www.notijalapa.net\/noticias\/wp-json\/wp\/v2\/posts\/23100\/revisions\/23103"}],"wp:featuredmedia":[{"embeddable":true,"href":"https:\/\/www.notijalapa.net\/noticias\/wp-json\/wp\/v2\/media\/23091"}],"wp:attachment":[{"href":"https:\/\/www.notijalapa.net\/noticias\/wp-json\/wp\/v2\/media?parent=23100"}],"wp:term":[{"taxonomy":"category","embeddable":true,"href":"https:\/\/www.notijalapa.net\/noticias\/wp-json\/wp\/v2\/categories?post=23100"},{"taxonomy":"post_tag","embeddable":true,"href":"https:\/\/www.notijalapa.net\/noticias\/wp-json\/wp\/v2\/tags?post=23100"}],"curies":[{"name":"wp","href":"https:\/\/api.w.org\/{rel}","templated":true}]}}