{"id":23023,"date":"2025-01-18T13:11:29","date_gmt":"2025-01-18T13:11:29","guid":{"rendered":"https:\/\/www.notijalapa.net\/noticias\/?p=23023"},"modified":"2025-01-18T13:29:41","modified_gmt":"2025-01-18T13:29:41","slug":"esperan-que-la-nueva-gobernadora-apoye-a-las-personas-con-discapacidad","status":"publish","type":"post","link":"https:\/\/www.notijalapa.net\/noticias\/2025\/01\/18\/esperan-que-la-nueva-gobernadora-apoye-a-las-personas-con-discapacidad\/","title":{"rendered":"Esperan que la nueva gobernadora apoye a las personas con discapacidad"},"content":{"rendered":"<p>Este 2025 lo iniciaron con gran energ\u00eda para seguir trabajando los temas relacionados con discapacidad con enfoque a los derechos humanos. El reto m\u00e1s grande que tienen para este a\u00f1o es, que tienen conocimiento de que habr\u00e1 cambios en algunas municipalidades y lamentablemente todos los procesos que ellos llevaban en los municipios de alguna manera se caen y tendr\u00e1n que empezar desde cero, seg\u00fan lo manifest\u00f3 Susana Campos delegada de CONADI.<\/p>\n<p><a href=\"https:\/\/www.notijalapa.net\/noticias\/2025\/01\/18\/casos-de-violencia-contra-la-mujer-se-han-incrementado\/\">MIRA: Casos de violencia contra la mujer se han incrementado<\/a><\/p>\n<p>Parte de la informaci\u00f3n que tienen en los municipios son de las encargadas de las oficinas municipales de discapacidad para orientarles y asesorar a estas encargadas cual es la naturaleza realmente de la oficina.<\/p>\n<p><iframe loading=\"lazy\" title=\"Esperan que la nueva gobernadora apoye a las personas con discapacidad\" width=\"640\" height=\"360\" src=\"https:\/\/www.youtube.com\/embed\/4xQnC6D-o8Y?feature=oembed\" frameborder=\"0\" allow=\"accelerometer; autoplay; clipboard-write; encrypted-media; gyroscope; picture-in-picture; web-share\" referrerpolicy=\"strict-origin-when-cross-origin\" allowfullscreen><\/iframe><\/p>\n<p>Contaron con el apoyo de la anterior gobernadora y est\u00e1n muy agradecido por eso, pero ahora con el cambio tienen ese reto de que se pueda trabajar con la nueva gobernadora y de alguna manera incidir con ella como autoridad local y con el ministerio de trabajo porque de alguna manera saben la necesidad que hay para las personas con discapacidad en el tema de industria laboral.<\/p>\n<p style=\"text-align: center;\"><iframe loading=\"lazy\" style=\"border: none; overflow: hidden;\" src=\"https:\/\/www.facebook.com\/plugins\/post.php?href=https%3A%2F%2Fwww.facebook.com%2Fpermalink.php%3Fstory_fbid%3Dpfbid02v265DUXoBraf4KPRHTovfBCQASuQdr5pT2cBQorfNbXSqSDESs3M5QAeKJJnG3Fdl%26id%3D100083158940816&amp;show_text=true&amp;width=500\" width=\"500\" height=\"774\" frameborder=\"0\" scrolling=\"no\" allowfullscreen=\"allowfullscreen\"><\/iframe><\/p>\n","protected":false},"excerpt":{"rendered":"<p>Este 2025 lo iniciaron con gran energ\u00eda para seguir trabajando los temas relacionados con discapacidad con enfoque a los derechos humanos. El reto m\u00e1s grande que tienen para este a\u00f1o es, que tienen conocimiento de que habr\u00e1 cambios en algunas municipalidades y lamentablemente todos los procesos que ellos llevaban en los municipios de alguna manera se caen y tendr\u00e1n que empezar desde cero, seg\u00fan lo manifest\u00f3 Susana Campos delegada de CONADI. MIRA: Casos de violencia contra la mujer se han incrementado Parte de la informaci\u00f3n que tienen en los municipios&hellip;<\/p>\n","protected":false},"author":2,"featured_media":23013,"comment_status":"open","ping_status":"open","sticky":false,"template":"","format":"standard","meta":{"footnotes":""},"categories":[3],"tags":[8255,8254],"class_list":["post-23023","post","type-post","status-publish","format-standard","has-post-thumbnail","hentry","category-locales","tag-a-las-personas-con-discapacidad","tag-esperan-que-la-nueva-gobernadora-apoye"],"gutentor_comment":0,"_links":{"self":[{"href":"https:\/\/www.notijalapa.net\/noticias\/wp-json\/wp\/v2\/posts\/23023","targetHints":{"allow":["GET"]}}],"collection":[{"href":"https:\/\/www.notijalapa.net\/noticias\/wp-json\/wp\/v2\/posts"}],"about":[{"href":"https:\/\/www.notijalapa.net\/noticias\/wp-json\/wp\/v2\/types\/post"}],"author":[{"embeddable":true,"href":"https:\/\/www.notijalapa.net\/noticias\/wp-json\/wp\/v2\/users\/2"}],"replies":[{"embeddable":true,"href":"https:\/\/www.notijalapa.net\/noticias\/wp-json\/wp\/v2\/comments?post=23023"}],"version-history":[{"count":3,"href":"https:\/\/www.notijalapa.net\/noticias\/wp-json\/wp\/v2\/posts\/23023\/revisions"}],"predecessor-version":[{"id":23026,"href":"https:\/\/www.notijalapa.net\/noticias\/wp-json\/wp\/v2\/posts\/23023\/revisions\/23026"}],"wp:featuredmedia":[{"embeddable":true,"href":"https:\/\/www.notijalapa.net\/noticias\/wp-json\/wp\/v2\/media\/23013"}],"wp:attachment":[{"href":"https:\/\/www.notijalapa.net\/noticias\/wp-json\/wp\/v2\/media?parent=23023"}],"wp:term":[{"taxonomy":"category","embeddable":true,"href":"https:\/\/www.notijalapa.net\/noticias\/wp-json\/wp\/v2\/categories?post=23023"},{"taxonomy":"post_tag","embeddable":true,"href":"https:\/\/www.notijalapa.net\/noticias\/wp-json\/wp\/v2\/tags?post=23023"}],"curies":[{"name":"wp","href":"https:\/\/api.w.org\/{rel}","templated":true}]}}