{"id":23015,"date":"2025-01-18T13:08:54","date_gmt":"2025-01-18T13:08:54","guid":{"rendered":"https:\/\/www.notijalapa.net\/noticias\/?p=23015"},"modified":"2025-01-18T13:35:06","modified_gmt":"2025-01-18T13:35:06","slug":"siguen-trabajando-programas-en-pro-de-los-derechos-humanos-de-los-ninos-y-jovenes","status":"publish","type":"post","link":"https:\/\/www.notijalapa.net\/noticias\/2025\/01\/18\/siguen-trabajando-programas-en-pro-de-los-derechos-humanos-de-los-ninos-y-jovenes\/","title":{"rendered":"Siguen trabajando programas en pro de los derechos humanos de los ni\u00f1os y j\u00f3venes"},"content":{"rendered":"<p>Continuar\u00e1n trabajando los cuatro programas que, tienen que ver con los derechos humanos de la ni\u00f1ez, adolescencia y juventud, prevenci\u00f3n de diferentes situaciones que les aquejan, los procesos de mujeres defendiendo mujeres en donde buscan prevenir la violencia basada en g\u00e9nero, seg\u00fan lo dio a conocer la Licda. Tracy M\u00e9ndez Sarabia directora de Colectivo Joven.<\/p>\n<p><a href=\"https:\/\/www.notijalapa.net\/noticias\/2025\/01\/18\/hombre-acusado-de-realizar-actividades-sexuales-con-menores\/\">MIRA: Hombre acusado de realizar actividades sexuales con menores<\/a><\/p>\n<p>Tambi\u00e9n est\u00e1n trabajando un programa muy especifico que es para la prevenci\u00f3n de la migraci\u00f3n irregular y en este a\u00f1o buscan generar un programa de alianza con las instituciones, en alg\u00fan momento tuvieron una mesa t\u00e9cnica, esperan retomarla, para buscar mecanismos de atenci\u00f3n a las personas que vienen de paso y que no son atendidos.<\/p>\n<p><iframe loading=\"lazy\" title=\"Siguen trabajando programas en pro de los derechos humanos de los ni\u00f1os y j\u00f3venes\" width=\"640\" height=\"360\" src=\"https:\/\/www.youtube.com\/embed\/B-Up7eNtX78?feature=oembed\" frameborder=\"0\" allow=\"accelerometer; autoplay; clipboard-write; encrypted-media; gyroscope; picture-in-picture; web-share\" referrerpolicy=\"strict-origin-when-cross-origin\" allowfullscreen><\/iframe><\/p>\n<p>Los procesos son permanentes, no son actividades aisladas o talleres que se realizan una sola vez, parte de metodolog\u00edas muy bien preparadas y que se les da continuidad constantemente para que tengan un objetivo espec\u00edfico, pero tambi\u00e9n un seguimiento.<\/p>\n<p style=\"text-align: center;\"><iframe loading=\"lazy\" style=\"border: none; overflow: hidden;\" src=\"https:\/\/www.facebook.com\/plugins\/post.php?href=https%3A%2F%2Fwww.facebook.com%2Fpermalink.php%3Fstory_fbid%3Dpfbid0S4yULJ9PuPHeGMeAj1shFpijnRB2jBTXdV44gH9N2mdX8JXJio7LqEPMQ5F1tVhCl%26id%3D100083158940816&amp;show_text=true&amp;width=500\" width=\"500\" height=\"794\" frameborder=\"0\" scrolling=\"no\" allowfullscreen=\"allowfullscreen\"><\/iframe><\/p>\n","protected":false},"excerpt":{"rendered":"<p>Continuar\u00e1n trabajando los cuatro programas que, tienen que ver con los derechos humanos de la ni\u00f1ez, adolescencia y juventud, prevenci\u00f3n de diferentes situaciones que les aquejan, los procesos de mujeres defendiendo mujeres en donde buscan prevenir la violencia basada en g\u00e9nero, seg\u00fan lo dio a conocer la Licda. Tracy M\u00e9ndez Sarabia directora de Colectivo Joven. MIRA: Hombre acusado de realizar actividades sexuales con menores Tambi\u00e9n est\u00e1n trabajando un programa muy especifico que es para la prevenci\u00f3n de la migraci\u00f3n irregular y en este a\u00f1o buscan generar un programa de alianza&hellip;<\/p>\n","protected":false},"author":2,"featured_media":23011,"comment_status":"open","ping_status":"open","sticky":false,"template":"","format":"standard","meta":{"footnotes":""},"categories":[3],"tags":[8247,8246],"class_list":["post-23015","post","type-post","status-publish","format-standard","has-post-thumbnail","hentry","category-locales","tag-de-los-derechos-humanos-de-los-ninos-y-jovenes","tag-siguen-trabajando-programas-en-pro"],"gutentor_comment":0,"_links":{"self":[{"href":"https:\/\/www.notijalapa.net\/noticias\/wp-json\/wp\/v2\/posts\/23015","targetHints":{"allow":["GET"]}}],"collection":[{"href":"https:\/\/www.notijalapa.net\/noticias\/wp-json\/wp\/v2\/posts"}],"about":[{"href":"https:\/\/www.notijalapa.net\/noticias\/wp-json\/wp\/v2\/types\/post"}],"author":[{"embeddable":true,"href":"https:\/\/www.notijalapa.net\/noticias\/wp-json\/wp\/v2\/users\/2"}],"replies":[{"embeddable":true,"href":"https:\/\/www.notijalapa.net\/noticias\/wp-json\/wp\/v2\/comments?post=23015"}],"version-history":[{"count":2,"href":"https:\/\/www.notijalapa.net\/noticias\/wp-json\/wp\/v2\/posts\/23015\/revisions"}],"predecessor-version":[{"id":23030,"href":"https:\/\/www.notijalapa.net\/noticias\/wp-json\/wp\/v2\/posts\/23015\/revisions\/23030"}],"wp:featuredmedia":[{"embeddable":true,"href":"https:\/\/www.notijalapa.net\/noticias\/wp-json\/wp\/v2\/media\/23011"}],"wp:attachment":[{"href":"https:\/\/www.notijalapa.net\/noticias\/wp-json\/wp\/v2\/media?parent=23015"}],"wp:term":[{"taxonomy":"category","embeddable":true,"href":"https:\/\/www.notijalapa.net\/noticias\/wp-json\/wp\/v2\/categories?post=23015"},{"taxonomy":"post_tag","embeddable":true,"href":"https:\/\/www.notijalapa.net\/noticias\/wp-json\/wp\/v2\/tags?post=23015"}],"curies":[{"name":"wp","href":"https:\/\/api.w.org\/{rel}","templated":true}]}}