{"id":23009,"date":"2025-01-18T13:07:48","date_gmt":"2025-01-18T13:07:48","guid":{"rendered":"https:\/\/www.notijalapa.net\/noticias\/?p=23009"},"modified":"2025-01-18T13:35:57","modified_gmt":"2025-01-18T13:35:57","slug":"casos-de-violencia-contra-la-mujer-se-han-incrementado","status":"publish","type":"post","link":"https:\/\/www.notijalapa.net\/noticias\/2025\/01\/18\/casos-de-violencia-contra-la-mujer-se-han-incrementado\/","title":{"rendered":"Casos de violencia contra la mujer se han incrementado"},"content":{"rendered":"<p>Ellos se basan en cuanto al INE que es la base fundamental para trabajar los diagn\u00f3sticos que realizan en cada uno de los municipios, pero tambi\u00e9n consultan el observatorio con el Ministerio P\u00fablico en cuanto a denuncias, trabajan con algunos municipios que son los que se han incrementado casos de violencia contra la mujer, seg\u00fan lo manifest\u00f3 la Licda. Blanca Beltr\u00e1n delegada de SEPREM.<\/p>\n<p><a href=\"https:\/\/www.notijalapa.net\/noticias\/2025\/01\/18\/esperan-que-la-nueva-gobernadora-apoye-a-las-personas-con-discapacidad\/\">MIRA; Esperan que la nueva gobernadora apoye a las personas con discapacidad<\/a><\/p>\n<p>Tambi\u00e9n en otros aspectos haciendo \u00e9nfasis en los embarazos de ni\u00f1as y adolescentes, principalmente consultan datos en otras instituciones. En este caso vale la pena mencionar que, es necesario trabajar un poco m\u00e1s este tema en el municipio de Jalapa y San Pedro Pinula.<\/p>\n<p><iframe loading=\"lazy\" title=\"Casos de violencia contra la mujer se han incrementado\" width=\"640\" height=\"360\" src=\"https:\/\/www.youtube.com\/embed\/RlLCZUducYo?feature=oembed\" frameborder=\"0\" allow=\"accelerometer; autoplay; clipboard-write; encrypted-media; gyroscope; picture-in-picture; web-share\" referrerpolicy=\"strict-origin-when-cross-origin\" allowfullscreen><\/iframe><\/p>\n<p>Realmente los datos del incremento o disminuci\u00f3n de violencia en los municipios si son reales porque son datos que presenta la PNC al INE y a otras instituciones de los cuales ellos reciben informaci\u00f3n. SEPREM no es una instituci\u00f3n de estad\u00edstica, por lo tanto, no tiene como tal una estad\u00edstica propia, sin embargo; si se han dado cuenta que en el tema de denuncias si se han incrementado.<\/p>\n<p>Esto quiere decir que, las mujeres si est\u00e1n denunciando y se est\u00e1 incrementando la violencia, ellos hacen un an\u00e1lisis con cada una de las directoras municipales de la mujer en conjunto con organizaciones de mujeres de los municipios para llevar siempre la voz del tema de denuncias y para verificar si realmente se est\u00e1 incrementando solo la denuncia o la violencia. Aunque tambi\u00e9n es verdad que existe un sub registro de las personas que sufren en silencio.<\/p>\n<p style=\"text-align: center;\"><iframe loading=\"lazy\" style=\"border: none; overflow: hidden;\" src=\"https:\/\/www.facebook.com\/plugins\/post.php?href=https%3A%2F%2Fwww.facebook.com%2Fpermalink.php%3Fstory_fbid%3Dpfbid0oqSfZ8t5rZtsLg6DnofgyJikR51JuxHM9bKVN5RRkmcznUHMq5UnW3PSdDMwUWwEl%26id%3D100083158940816&amp;show_text=true&amp;width=500\" width=\"500\" height=\"794\" frameborder=\"0\" scrolling=\"no\" allowfullscreen=\"allowfullscreen\"><\/iframe><\/p>\n","protected":false},"excerpt":{"rendered":"<p>Ellos se basan en cuanto al INE que es la base fundamental para trabajar los diagn\u00f3sticos que realizan en cada uno de los municipios, pero tambi\u00e9n consultan el observatorio con el Ministerio P\u00fablico en cuanto a denuncias, trabajan con algunos municipios que son los que se han incrementado casos de violencia contra la mujer, seg\u00fan lo manifest\u00f3 la Licda. Blanca Beltr\u00e1n delegada de SEPREM. MIRA; Esperan que la nueva gobernadora apoye a las personas con discapacidad Tambi\u00e9n en otros aspectos haciendo \u00e9nfasis en los embarazos de ni\u00f1as y adolescentes, principalmente&hellip;<\/p>\n","protected":false},"author":2,"featured_media":23010,"comment_status":"open","ping_status":"open","sticky":false,"template":"","format":"standard","meta":{"footnotes":""},"categories":[3],"tags":[8244,8245],"class_list":["post-23009","post","type-post","status-publish","format-standard","has-post-thumbnail","hentry","category-locales","tag-casos-de-violencia-contra-la-mujer","tag-se-han-incrementado"],"gutentor_comment":0,"_links":{"self":[{"href":"https:\/\/www.notijalapa.net\/noticias\/wp-json\/wp\/v2\/posts\/23009","targetHints":{"allow":["GET"]}}],"collection":[{"href":"https:\/\/www.notijalapa.net\/noticias\/wp-json\/wp\/v2\/posts"}],"about":[{"href":"https:\/\/www.notijalapa.net\/noticias\/wp-json\/wp\/v2\/types\/post"}],"author":[{"embeddable":true,"href":"https:\/\/www.notijalapa.net\/noticias\/wp-json\/wp\/v2\/users\/2"}],"replies":[{"embeddable":true,"href":"https:\/\/www.notijalapa.net\/noticias\/wp-json\/wp\/v2\/comments?post=23009"}],"version-history":[{"count":2,"href":"https:\/\/www.notijalapa.net\/noticias\/wp-json\/wp\/v2\/posts\/23009\/revisions"}],"predecessor-version":[{"id":23031,"href":"https:\/\/www.notijalapa.net\/noticias\/wp-json\/wp\/v2\/posts\/23009\/revisions\/23031"}],"wp:featuredmedia":[{"embeddable":true,"href":"https:\/\/www.notijalapa.net\/noticias\/wp-json\/wp\/v2\/media\/23010"}],"wp:attachment":[{"href":"https:\/\/www.notijalapa.net\/noticias\/wp-json\/wp\/v2\/media?parent=23009"}],"wp:term":[{"taxonomy":"category","embeddable":true,"href":"https:\/\/www.notijalapa.net\/noticias\/wp-json\/wp\/v2\/categories?post=23009"},{"taxonomy":"post_tag","embeddable":true,"href":"https:\/\/www.notijalapa.net\/noticias\/wp-json\/wp\/v2\/tags?post=23009"}],"curies":[{"name":"wp","href":"https:\/\/api.w.org\/{rel}","templated":true}]}}