{"id":22993,"date":"2025-01-17T10:55:49","date_gmt":"2025-01-17T10:55:49","guid":{"rendered":"https:\/\/www.notijalapa.net\/noticias\/?p=22993"},"modified":"2025-01-17T11:12:48","modified_gmt":"2025-01-17T11:12:48","slug":"empezaran-a-trabajar-con-mas-mujeres-y-jovenes-en-este-2025","status":"publish","type":"post","link":"https:\/\/www.notijalapa.net\/noticias\/2025\/01\/17\/empezaran-a-trabajar-con-mas-mujeres-y-jovenes-en-este-2025\/","title":{"rendered":"Empezar\u00e1n a trabajar con m\u00e1s mujeres y j\u00f3venes en este 2025"},"content":{"rendered":"<p>Como asociaci\u00f3n est\u00e1n iniciando con las mejores energ\u00edas este a\u00f1o, muy contentos con todo el equipo que d\u00eda con d\u00eda suman esfuerzos para seguir trabajando por los j\u00f3venes, seg\u00fan lo dio a conocer la Licda. Tracy M\u00e9ndez Sarabia Directora de Colectivo Joven.<\/p>\n<p><a href=\"https:\/\/www.notijalapa.net\/noticias\/2025\/01\/17\/ya-cuentan-con-vehiculo-y-equipo-especial-para-maternidad-en-el-area-de-salud\/\">MIRA: Ya cuentan con veh\u00edculo y equipo especial para maternidad en el \u00e1rea de salud<\/a><\/p>\n<p>Este a\u00f1o estar\u00e1n cumpliendo ya 25 a\u00f1os de fundaci\u00f3n en el departamento de Jalapa, ya han iniciado a realizar las coordinaciones a nivel departamental y empezar\u00e1n a trabajar procesos con mujeres y j\u00f3venes en el departamento de Izabal.<\/p>\n<p><iframe loading=\"lazy\" title=\"Empezar\u00e1n a trabajar con m\u00e1s mujeres y j\u00f3venes en este 2025\" width=\"640\" height=\"360\" src=\"https:\/\/www.youtube.com\/embed\/C0WIL1nY7R0?feature=oembed\" frameborder=\"0\" allow=\"accelerometer; autoplay; clipboard-write; encrypted-media; gyroscope; picture-in-picture; web-share\" referrerpolicy=\"strict-origin-when-cross-origin\" allowfullscreen><\/iframe><\/p>\n<p>Ya ten\u00edan acciones avanzadas en el departamento de Jalapa, Alta Verapaz, Jutiapa, entre otros y ahora un sue\u00f1o hecho realidad de seguir ampliando el trabajo a otros departamentos, pero siempre con un enfoque muy especial hacia en el departamento de Jalapa, porque fue en este departamento que naci\u00f3 COPIJ.<\/p>\n<p style=\"text-align: center;\"><iframe loading=\"lazy\" style=\"border: none; overflow: hidden;\" src=\"https:\/\/www.facebook.com\/plugins\/post.php?href=https%3A%2F%2Fwww.facebook.com%2Fpermalink.php%3Fstory_fbid%3Dpfbid02bAnV66bobm4Fo8nk3CJfxaFDTiAJtVR5vDMgs8pPqGmPXco2PXj8PahWGPT9X665l%26id%3D100083158940816&amp;show_text=true&amp;width=500\" width=\"500\" height=\"564\" frameborder=\"0\" scrolling=\"no\" allowfullscreen=\"allowfullscreen\"><\/iframe><\/p>\n","protected":false},"excerpt":{"rendered":"<p>Como asociaci\u00f3n est\u00e1n iniciando con las mejores energ\u00edas este a\u00f1o, muy contentos con todo el equipo que d\u00eda con d\u00eda suman esfuerzos para seguir trabajando por los j\u00f3venes, seg\u00fan lo dio a conocer la Licda. Tracy M\u00e9ndez Sarabia Directora de Colectivo Joven. MIRA: Ya cuentan con veh\u00edculo y equipo especial para maternidad en el \u00e1rea de salud Este a\u00f1o estar\u00e1n cumpliendo ya 25 a\u00f1os de fundaci\u00f3n en el departamento de Jalapa, ya han iniciado a realizar las coordinaciones a nivel departamental y empezar\u00e1n a trabajar procesos con mujeres y j\u00f3venes&hellip;<\/p>\n","protected":false},"author":2,"featured_media":22988,"comment_status":"open","ping_status":"open","sticky":false,"template":"","format":"standard","meta":{"footnotes":""},"categories":[3],"tags":[8238,8239],"class_list":["post-22993","post","type-post","status-publish","format-standard","has-post-thumbnail","hentry","category-locales","tag-empezaran-a-trabajar-con-mas","tag-mujeres-y-jovenes-en-este-2025"],"gutentor_comment":0,"_links":{"self":[{"href":"https:\/\/www.notijalapa.net\/noticias\/wp-json\/wp\/v2\/posts\/22993","targetHints":{"allow":["GET"]}}],"collection":[{"href":"https:\/\/www.notijalapa.net\/noticias\/wp-json\/wp\/v2\/posts"}],"about":[{"href":"https:\/\/www.notijalapa.net\/noticias\/wp-json\/wp\/v2\/types\/post"}],"author":[{"embeddable":true,"href":"https:\/\/www.notijalapa.net\/noticias\/wp-json\/wp\/v2\/users\/2"}],"replies":[{"embeddable":true,"href":"https:\/\/www.notijalapa.net\/noticias\/wp-json\/wp\/v2\/comments?post=22993"}],"version-history":[{"count":2,"href":"https:\/\/www.notijalapa.net\/noticias\/wp-json\/wp\/v2\/posts\/22993\/revisions"}],"predecessor-version":[{"id":23004,"href":"https:\/\/www.notijalapa.net\/noticias\/wp-json\/wp\/v2\/posts\/22993\/revisions\/23004"}],"wp:featuredmedia":[{"embeddable":true,"href":"https:\/\/www.notijalapa.net\/noticias\/wp-json\/wp\/v2\/media\/22988"}],"wp:attachment":[{"href":"https:\/\/www.notijalapa.net\/noticias\/wp-json\/wp\/v2\/media?parent=22993"}],"wp:term":[{"taxonomy":"category","embeddable":true,"href":"https:\/\/www.notijalapa.net\/noticias\/wp-json\/wp\/v2\/categories?post=22993"},{"taxonomy":"post_tag","embeddable":true,"href":"https:\/\/www.notijalapa.net\/noticias\/wp-json\/wp\/v2\/tags?post=22993"}],"curies":[{"name":"wp","href":"https:\/\/api.w.org\/{rel}","templated":true}]}}