{"id":22828,"date":"2025-01-08T10:51:39","date_gmt":"2025-01-08T10:51:39","guid":{"rendered":"https:\/\/www.notijalapa.net\/noticias\/?p=22828"},"modified":"2025-01-08T11:03:05","modified_gmt":"2025-01-08T11:03:05","slug":"temas-importantes-seran-hablados-en-la-primera-reunion-del-codede-en-el-2025","status":"publish","type":"post","link":"https:\/\/www.notijalapa.net\/noticias\/2025\/01\/08\/temas-importantes-seran-hablados-en-la-primera-reunion-del-codede-en-el-2025\/","title":{"rendered":"Temas importantes ser\u00e1n hablados en la primera reuni\u00f3n del CODEDE en el 2025"},"content":{"rendered":"<p>El d\u00eda jueves 9 de enero se estar\u00e1 llevando a cabo la primera reuni\u00f3n extraordinaria de Consejos de Desarrollo, ese d\u00eda estar\u00e1n hablando sobre tres temas muy importantes, como la calendarizaci\u00f3n del CODEDE que la har\u00e1n consensuada con todos los alcaldes, seg\u00fan lo manifest\u00f3 el Lic. Jairo Rodr\u00edguez delegado de SEGEPLAN.<\/p>\n<p><a href=\"https:\/\/www.notijalapa.net\/noticias\/2025\/01\/08\/entregaran-la-refaccion-y-utiles-escolares-en-las-primeras-semanas-de-estudio\/\">MIRA: Entregar\u00e1n la refacci\u00f3n y \u00fatiles escolares en las primeras semanas de estudio<\/a><\/p>\n<p>Recordemos que, en el departamento ellos tratan que el CODEDE sea llevado a los territorios, que la gente de los municipios sepa que es lo que est\u00e1n haciendo, que se socialice y visualice que se re\u00fanen para tocar temas de alto impacto para todos los municipios de Jalapa, como salud, educaci\u00f3n, desnutrici\u00f3n, albergues, temas de desastres, problemas sociales, entre otros.<\/p>\n<p><iframe loading=\"lazy\" title=\"Temas importantes ser\u00e1n hablados en la primera reuni\u00f3n del CODEDE en el 2025\" width=\"640\" height=\"360\" src=\"https:\/\/www.youtube.com\/embed\/OSh0YO58NcQ?feature=oembed\" frameborder=\"0\" allow=\"accelerometer; autoplay; clipboard-write; encrypted-media; gyroscope; picture-in-picture; web-share\" referrerpolicy=\"strict-origin-when-cross-origin\" allowfullscreen><\/iframe><\/p>\n<p>El Consejo de Desarrollo debe garantizar y dando recursos, pero tambi\u00e9n d\u00e1ndole seguimiento a la alimentaci\u00f3n escolar que es un tema tan importante, hay una comisi\u00f3n departamental que toca temas sobre ese punto importante, recordemos que, vienen casi 85 millones este a\u00f1o 2025 solo para la alimentaci\u00f3n escolar. Es un dinero muy importante que debe ser fiscalizado y se debe ver el impacto que se est\u00e1 teniendo con ese recurso.<\/p>\n<p>Cabe mencionar que, si se est\u00e1 dando ese dinero para la alimentaci\u00f3n, \u00bflos ni\u00f1os est\u00e1n mejorando su desnutrici\u00f3n? \u00bfest\u00e1n creciendo mejor? \u00bflas tallas de ellos son las adecuadas? \u00bfest\u00e1n teniendo mejores resultados en sus estudios? Porque el tener una buena nutrici\u00f3n refleja que mejoren sus capacidades.<\/p>\n<p style=\"text-align: center;\"><iframe loading=\"lazy\" style=\"border: none; overflow: hidden;\" src=\"https:\/\/www.facebook.com\/plugins\/post.php?href=https%3A%2F%2Fwww.facebook.com%2Fpermalink.php%3Fstory_fbid%3Dpfbid02GhyVU7kNs48MHLxLHxE6AQaQxMa5iWX7NJ1JyswPvorN1G1xxUCnVrmyqy9GC6Hhl%26id%3D100083158940816&amp;show_text=true&amp;width=500\" width=\"500\" height=\"506\" frameborder=\"0\" scrolling=\"no\" allowfullscreen=\"allowfullscreen\"><\/iframe><\/p>\n","protected":false},"excerpt":{"rendered":"<p>El d\u00eda jueves 9 de enero se estar\u00e1 llevando a cabo la primera reuni\u00f3n extraordinaria de Consejos de Desarrollo, ese d\u00eda estar\u00e1n hablando sobre tres temas muy importantes, como la calendarizaci\u00f3n del CODEDE que la har\u00e1n consensuada con todos los alcaldes, seg\u00fan lo manifest\u00f3 el Lic. Jairo Rodr\u00edguez delegado de SEGEPLAN. MIRA: Entregar\u00e1n la refacci\u00f3n y \u00fatiles escolares en las primeras semanas de estudio Recordemos que, en el departamento ellos tratan que el CODEDE sea llevado a los territorios, que la gente de los municipios sepa que es lo que&hellip;<\/p>\n","protected":false},"author":2,"featured_media":22818,"comment_status":"open","ping_status":"open","sticky":false,"template":"","format":"standard","meta":{"footnotes":""},"categories":[3],"tags":[8159,8158],"class_list":["post-22828","post","type-post","status-publish","format-standard","has-post-thumbnail","hentry","category-locales","tag-en-la-primera-reunion-del-codede-en-el-2025","tag-temas-importantes-seran-hablados"],"gutentor_comment":0,"_links":{"self":[{"href":"https:\/\/www.notijalapa.net\/noticias\/wp-json\/wp\/v2\/posts\/22828","targetHints":{"allow":["GET"]}}],"collection":[{"href":"https:\/\/www.notijalapa.net\/noticias\/wp-json\/wp\/v2\/posts"}],"about":[{"href":"https:\/\/www.notijalapa.net\/noticias\/wp-json\/wp\/v2\/types\/post"}],"author":[{"embeddable":true,"href":"https:\/\/www.notijalapa.net\/noticias\/wp-json\/wp\/v2\/users\/2"}],"replies":[{"embeddable":true,"href":"https:\/\/www.notijalapa.net\/noticias\/wp-json\/wp\/v2\/comments?post=22828"}],"version-history":[{"count":3,"href":"https:\/\/www.notijalapa.net\/noticias\/wp-json\/wp\/v2\/posts\/22828\/revisions"}],"predecessor-version":[{"id":22831,"href":"https:\/\/www.notijalapa.net\/noticias\/wp-json\/wp\/v2\/posts\/22828\/revisions\/22831"}],"wp:featuredmedia":[{"embeddable":true,"href":"https:\/\/www.notijalapa.net\/noticias\/wp-json\/wp\/v2\/media\/22818"}],"wp:attachment":[{"href":"https:\/\/www.notijalapa.net\/noticias\/wp-json\/wp\/v2\/media?parent=22828"}],"wp:term":[{"taxonomy":"category","embeddable":true,"href":"https:\/\/www.notijalapa.net\/noticias\/wp-json\/wp\/v2\/categories?post=22828"},{"taxonomy":"post_tag","embeddable":true,"href":"https:\/\/www.notijalapa.net\/noticias\/wp-json\/wp\/v2\/tags?post=22828"}],"curies":[{"name":"wp","href":"https:\/\/api.w.org\/{rel}","templated":true}]}}