{"id":22813,"date":"2025-01-08T10:47:19","date_gmt":"2025-01-08T10:47:19","guid":{"rendered":"https:\/\/www.notijalapa.net\/noticias\/?p=22813"},"modified":"2025-01-08T11:08:51","modified_gmt":"2025-01-08T11:08:51","slug":"entregaran-la-refaccion-y-utiles-escolares-en-las-primeras-semanas-de-estudio","status":"publish","type":"post","link":"https:\/\/www.notijalapa.net\/noticias\/2025\/01\/08\/entregaran-la-refaccion-y-utiles-escolares-en-las-primeras-semanas-de-estudio\/","title":{"rendered":"Entregar\u00e1n la refacci\u00f3n y \u00fatiles escolares en las primeras semanas de estudio"},"content":{"rendered":"<p>La direcci\u00f3n departamental de Jalapa al igual que la de otros departamentos, est\u00e1n trabajando desde el 2 de enero para dar cumplimiento a los diversos programas que corresponden a los estudiantes de los diferentes centros educativos del sector privado y luego los del sector p\u00fablico, seg\u00fan lo dio a conocer la Licda. Mar\u00eda Aracely Figueroa Directora Departamental de Educaci\u00f3n.<\/p>\n<p><a href=\"https:\/\/www.notijalapa.net\/noticias\/2025\/01\/08\/temas-importantes-seran-hablados-en-la-primera-reunion-del-codede-en-el-2025\/\">MIRA: Temas importantes ser\u00e1n hablados en la primera reuni\u00f3n del CODEDE en el 2025<\/a><\/p>\n<p>Est\u00e1n trabajando en funci\u00f3n de que los estudiantes del sector p\u00fablico puedan iniciar el ciclo escolar con sus \u00fatiles escolares y que la refacci\u00f3n escolar sea entregada en las primeras semanas de clases. Ellos est\u00e1n trabajando con lo que corresponde a la parte presupuestaria para contar con los recursos necesarios y tener al d\u00eda la entrega de los diferentes programas.<\/p>\n<p><iframe loading=\"lazy\" title=\"Entregar\u00e1n la refacci\u00f3n y \u00fatiles escolares en las primeras semanas de estudio\" width=\"640\" height=\"360\" src=\"https:\/\/www.youtube.com\/embed\/wHW2vc6yj5E?feature=oembed\" frameborder=\"0\" allow=\"accelerometer; autoplay; clipboard-write; encrypted-media; gyroscope; picture-in-picture; web-share\" referrerpolicy=\"strict-origin-when-cross-origin\" allowfullscreen><\/iframe><\/p>\n<p>Como es de conocimiento, lo ideal es que la refacci\u00f3n escolar debe ser servida en los centros educativos, sin embargo; hay varias limitaciones y esperan que puedan ir mejorando en ese tema y eliminar la bolsa de v\u00edveres.<\/p>\n<p style=\"text-align: center;\"><iframe loading=\"lazy\" style=\"border: none; overflow: hidden;\" src=\"https:\/\/www.facebook.com\/plugins\/post.php?href=https%3A%2F%2Fwww.facebook.com%2Fpermalink.php%3Fstory_fbid%3Dpfbid03CcS5bw96mjwBY2sH8vo7ib1sbjKDmTJ2aszytk1g3EhjdGTUKdKjUSRcZUuWj3Cl%26id%3D100083158940816&amp;show_text=true&amp;width=500\" width=\"500\" height=\"794\" frameborder=\"0\" scrolling=\"no\" allowfullscreen=\"allowfullscreen\"><\/iframe><\/p>\n","protected":false},"excerpt":{"rendered":"<p>La direcci\u00f3n departamental de Jalapa al igual que la de otros departamentos, est\u00e1n trabajando desde el 2 de enero para dar cumplimiento a los diversos programas que corresponden a los estudiantes de los diferentes centros educativos del sector privado y luego los del sector p\u00fablico, seg\u00fan lo dio a conocer la Licda. Mar\u00eda Aracely Figueroa Directora Departamental de Educaci\u00f3n. MIRA: Temas importantes ser\u00e1n hablados en la primera reuni\u00f3n del CODEDE en el 2025 Est\u00e1n trabajando en funci\u00f3n de que los estudiantes del sector p\u00fablico puedan iniciar el ciclo escolar con&hellip;<\/p>\n","protected":false},"author":2,"featured_media":22814,"comment_status":"open","ping_status":"open","sticky":false,"template":"","format":"standard","meta":{"footnotes":""},"categories":[3],"tags":[8150,8149],"class_list":["post-22813","post","type-post","status-publish","format-standard","has-post-thumbnail","hentry","category-locales","tag-en-las-primeras-semanas-de-estudio","tag-entregaran-la-refaccion-y-utiles-escolares"],"gutentor_comment":0,"_links":{"self":[{"href":"https:\/\/www.notijalapa.net\/noticias\/wp-json\/wp\/v2\/posts\/22813","targetHints":{"allow":["GET"]}}],"collection":[{"href":"https:\/\/www.notijalapa.net\/noticias\/wp-json\/wp\/v2\/posts"}],"about":[{"href":"https:\/\/www.notijalapa.net\/noticias\/wp-json\/wp\/v2\/types\/post"}],"author":[{"embeddable":true,"href":"https:\/\/www.notijalapa.net\/noticias\/wp-json\/wp\/v2\/users\/2"}],"replies":[{"embeddable":true,"href":"https:\/\/www.notijalapa.net\/noticias\/wp-json\/wp\/v2\/comments?post=22813"}],"version-history":[{"count":2,"href":"https:\/\/www.notijalapa.net\/noticias\/wp-json\/wp\/v2\/posts\/22813\/revisions"}],"predecessor-version":[{"id":22836,"href":"https:\/\/www.notijalapa.net\/noticias\/wp-json\/wp\/v2\/posts\/22813\/revisions\/22836"}],"wp:featuredmedia":[{"embeddable":true,"href":"https:\/\/www.notijalapa.net\/noticias\/wp-json\/wp\/v2\/media\/22814"}],"wp:attachment":[{"href":"https:\/\/www.notijalapa.net\/noticias\/wp-json\/wp\/v2\/media?parent=22813"}],"wp:term":[{"taxonomy":"category","embeddable":true,"href":"https:\/\/www.notijalapa.net\/noticias\/wp-json\/wp\/v2\/categories?post=22813"},{"taxonomy":"post_tag","embeddable":true,"href":"https:\/\/www.notijalapa.net\/noticias\/wp-json\/wp\/v2\/tags?post=22813"}],"curies":[{"name":"wp","href":"https:\/\/api.w.org\/{rel}","templated":true}]}}