{"id":22804,"date":"2025-01-07T11:13:45","date_gmt":"2025-01-07T11:13:45","guid":{"rendered":"https:\/\/www.notijalapa.net\/noticias\/?p=22804"},"modified":"2025-01-07T11:23:13","modified_gmt":"2025-01-07T11:23:13","slug":"docentes-se-preparan-para-el-ciclo-escolar-2025","status":"publish","type":"post","link":"https:\/\/www.notijalapa.net\/noticias\/2025\/01\/07\/docentes-se-preparan-para-el-ciclo-escolar-2025\/","title":{"rendered":"Docentes se preparan para el ciclo escolar 2025"},"content":{"rendered":"<p>En el caso del sector privado, tanto en los institutos municipales y por cooperativa, estar\u00e1n iniciando el ciclo lectivo el 2 de enero, es decir que los docentes que laboran en estos centros educativos ya se encuentran en sus funciones, seg\u00fan lo manifest\u00f3 la Licda. Mar\u00eda Aracely Figueroa Directora Departamental de Educaci\u00f3n.<\/p>\n<p><a href=\"https:\/\/www.notijalapa.net\/noticias\/2025\/01\/07\/si-modifica-su-motocicleta-podrian-ser-sancionados-por-la-ley\/\">MIRA: Si modifica su motocicleta podr\u00edan ser sancionados por la ley<\/a><\/p>\n<p>En el caso del sector p\u00fablico dar\u00e1n inicio el 14 de febrero, es decir que seguir\u00e1n con las mismas fechas que el a\u00f1o pasado, sin embargo; el ciclo escolar en el sector p\u00fablico estar\u00e1 finalizando el 18 de noviembre.<\/p>\n<p><iframe loading=\"lazy\" title=\"Docentes se preparan para el ciclo escolar 2025\" width=\"640\" height=\"360\" src=\"https:\/\/www.youtube.com\/embed\/Z1_EEkiDpdI?feature=oembed\" frameborder=\"0\" allow=\"accelerometer; autoplay; clipboard-write; encrypted-media; gyroscope; picture-in-picture; web-share\" referrerpolicy=\"strict-origin-when-cross-origin\" allowfullscreen><\/iframe><\/p>\n<p>Esta vez estar\u00e1n finalizando el ciclo escolar unos d\u00edas antes en comparaci\u00f3n al a\u00f1o pasado y en el sector privado finalizar\u00e1n en el mes de octubre.<\/p>\n<p style=\"text-align: center;\"><iframe loading=\"lazy\" style=\"border: none; overflow: hidden;\" src=\"https:\/\/www.facebook.com\/plugins\/post.php?href=https%3A%2F%2Fwww.facebook.com%2Fpermalink.php%3Fstory_fbid%3Dpfbid036doqwb8djzfw7HdvCBXD3STURWP3Z3N4FzxgXQ7yGJo4cZHj9GgyjFE1sTx6Sbfcl%26id%3D100083158940816&amp;show_text=true&amp;width=500\" width=\"500\" height=\"506\" frameborder=\"0\" scrolling=\"no\" allowfullscreen=\"allowfullscreen\"><\/iframe><\/p>\n","protected":false},"excerpt":{"rendered":"<p>En el caso del sector privado, tanto en los institutos municipales y por cooperativa, estar\u00e1n iniciando el ciclo lectivo el 2 de enero, es decir que los docentes que laboran en estos centros educativos ya se encuentran en sus funciones, seg\u00fan lo manifest\u00f3 la Licda. Mar\u00eda Aracely Figueroa Directora Departamental de Educaci\u00f3n. MIRA: Si modifica su motocicleta podr\u00edan ser sancionados por la ley En el caso del sector p\u00fablico dar\u00e1n inicio el 14 de febrero, es decir que seguir\u00e1n con las mismas fechas que el a\u00f1o pasado, sin embargo; el&hellip;<\/p>\n","protected":false},"author":2,"featured_media":22798,"comment_status":"open","ping_status":"open","sticky":false,"template":"","format":"standard","meta":{"footnotes":""},"categories":[3],"tags":[8147,8148],"class_list":["post-22804","post","type-post","status-publish","format-standard","has-post-thumbnail","hentry","category-locales","tag-docentes-se-preparan","tag-para-el-ciclo-escolar-2025"],"gutentor_comment":0,"_links":{"self":[{"href":"https:\/\/www.notijalapa.net\/noticias\/wp-json\/wp\/v2\/posts\/22804","targetHints":{"allow":["GET"]}}],"collection":[{"href":"https:\/\/www.notijalapa.net\/noticias\/wp-json\/wp\/v2\/posts"}],"about":[{"href":"https:\/\/www.notijalapa.net\/noticias\/wp-json\/wp\/v2\/types\/post"}],"author":[{"embeddable":true,"href":"https:\/\/www.notijalapa.net\/noticias\/wp-json\/wp\/v2\/users\/2"}],"replies":[{"embeddable":true,"href":"https:\/\/www.notijalapa.net\/noticias\/wp-json\/wp\/v2\/comments?post=22804"}],"version-history":[{"count":3,"href":"https:\/\/www.notijalapa.net\/noticias\/wp-json\/wp\/v2\/posts\/22804\/revisions"}],"predecessor-version":[{"id":22807,"href":"https:\/\/www.notijalapa.net\/noticias\/wp-json\/wp\/v2\/posts\/22804\/revisions\/22807"}],"wp:featuredmedia":[{"embeddable":true,"href":"https:\/\/www.notijalapa.net\/noticias\/wp-json\/wp\/v2\/media\/22798"}],"wp:attachment":[{"href":"https:\/\/www.notijalapa.net\/noticias\/wp-json\/wp\/v2\/media?parent=22804"}],"wp:term":[{"taxonomy":"category","embeddable":true,"href":"https:\/\/www.notijalapa.net\/noticias\/wp-json\/wp\/v2\/categories?post=22804"},{"taxonomy":"post_tag","embeddable":true,"href":"https:\/\/www.notijalapa.net\/noticias\/wp-json\/wp\/v2\/tags?post=22804"}],"curies":[{"name":"wp","href":"https:\/\/api.w.org\/{rel}","templated":true}]}}