{"id":22090,"date":"2024-11-21T11:02:56","date_gmt":"2024-11-21T11:02:56","guid":{"rendered":"https:\/\/www.notijalapa.net\/noticias\/?p=22090"},"modified":"2024-11-21T11:16:48","modified_gmt":"2024-11-21T11:16:48","slug":"inauguran-centro-integral-para-prevenir-y-erradicar-el-trabajo-infantil","status":"publish","type":"post","link":"https:\/\/www.notijalapa.net\/noticias\/2024\/11\/21\/inauguran-centro-integral-para-prevenir-y-erradicar-el-trabajo-infantil\/","title":{"rendered":"Inauguran centro integral para prevenir y erradicar el trabajo infantil"},"content":{"rendered":"<p>En la ma\u00f1ana de este mi\u00e9rcoles se inaugur\u00f3 el centro integral para la prevenci\u00f3n y erradicaci\u00f3n del trabajo infantil, fue una coordinaci\u00f3n que hicieron con varias instituciones y con el apoyo que han tenido del Ministerio de Educaci\u00f3n y con el director de la escuela No. 2 que les ha otorgado un espacio para que puedan tener ah\u00ed el centro integral, seg\u00fan lo manifest\u00f3 la Licda. Cecilia Cardona delegada del Ministerio de Trabajo y Previsi\u00f3n Social.<\/p>\n<p><a href=\"https:\/\/www.notijalapa.net\/noticias\/2024\/11\/21\/decenas-de-personas-han-sido-capturadas-por-violencia-contra-la-mujer\/\">MIRA: Decenas de personas han sido capturadas por violencia contra la mujer<\/a><\/p>\n<p>Este es un espacio que pueden tener los ni\u00f1os que trabajan en las calles para que puedan estudiar, ya que tendr\u00e1n una educaci\u00f3n flexible. El fin que tiene el comit\u00e9 departamental es, la prevenci\u00f3n y erradicaci\u00f3n del trabajo infantil, el cual es representado por todas las instituciones del departamento y organizaciones no gubernamentales.<\/p>\n<p><iframe loading=\"lazy\" title=\"Buscan medidas de seguridad para las escuelas en las vacaciones\" width=\"640\" height=\"360\" src=\"https:\/\/www.youtube.com\/embed\/3uE3u47ZH-s?feature=oembed\" frameborder=\"0\" allow=\"accelerometer; autoplay; clipboard-write; encrypted-media; gyroscope; picture-in-picture; web-share\" referrerpolicy=\"strict-origin-when-cross-origin\" allowfullscreen><\/iframe><\/p>\n<p>El centro integral funcionar\u00e1 con un docente que apoyar\u00e1 por parte de la Municipalidad de Jalapa y con un t\u00e9cnico que apoyar\u00e1 por parte del Ministerio de Educaci\u00f3n, esto ser\u00e1 a trav\u00e9s de DIJEEX, porque recodemos que ser\u00e1 una educaci\u00f3n flexible, ya que hay varios ni\u00f1os trabajando en las calles que superan los 10 a\u00f1os de edad.<\/p>\n<p style=\"text-align: center;\"><iframe loading=\"lazy\" style=\"border: none; overflow: hidden;\" src=\"https:\/\/www.facebook.com\/plugins\/post.php?href=https%3A%2F%2Fwww.facebook.com%2Fpermalink.php%3Fstory_fbid%3Dpfbid08t57bEfr6cB5oL74UDKbY4shhAdZ8jGNjoT3cwa9b5dhS5fSWQkXccpf3TiTbW5kl%26id%3D100083158940816&amp;show_text=true&amp;width=500\" width=\"500\" height=\"544\" frameborder=\"0\" scrolling=\"no\" allowfullscreen=\"allowfullscreen\"><\/iframe><\/p>\n","protected":false},"excerpt":{"rendered":"<p>En la ma\u00f1ana de este mi\u00e9rcoles se inaugur\u00f3 el centro integral para la prevenci\u00f3n y erradicaci\u00f3n del trabajo infantil, fue una coordinaci\u00f3n que hicieron con varias instituciones y con el apoyo que han tenido del Ministerio de Educaci\u00f3n y con el director de la escuela No. 2 que les ha otorgado un espacio para que puedan tener ah\u00ed el centro integral, seg\u00fan lo manifest\u00f3 la Licda. Cecilia Cardona delegada del Ministerio de Trabajo y Previsi\u00f3n Social. MIRA: Decenas de personas han sido capturadas por violencia contra la mujer Este es&hellip;<\/p>\n","protected":false},"author":2,"featured_media":22085,"comment_status":"open","ping_status":"open","sticky":false,"template":"","format":"standard","meta":{"footnotes":""},"categories":[3],"tags":[7816,7815],"class_list":["post-22090","post","type-post","status-publish","format-standard","has-post-thumbnail","hentry","category-locales","tag-erradicar-el-trabajo-infantil","tag-inauguran-centro-integral-para-prevenir"],"gutentor_comment":0,"_links":{"self":[{"href":"https:\/\/www.notijalapa.net\/noticias\/wp-json\/wp\/v2\/posts\/22090","targetHints":{"allow":["GET"]}}],"collection":[{"href":"https:\/\/www.notijalapa.net\/noticias\/wp-json\/wp\/v2\/posts"}],"about":[{"href":"https:\/\/www.notijalapa.net\/noticias\/wp-json\/wp\/v2\/types\/post"}],"author":[{"embeddable":true,"href":"https:\/\/www.notijalapa.net\/noticias\/wp-json\/wp\/v2\/users\/2"}],"replies":[{"embeddable":true,"href":"https:\/\/www.notijalapa.net\/noticias\/wp-json\/wp\/v2\/comments?post=22090"}],"version-history":[{"count":3,"href":"https:\/\/www.notijalapa.net\/noticias\/wp-json\/wp\/v2\/posts\/22090\/revisions"}],"predecessor-version":[{"id":22102,"href":"https:\/\/www.notijalapa.net\/noticias\/wp-json\/wp\/v2\/posts\/22090\/revisions\/22102"}],"wp:featuredmedia":[{"embeddable":true,"href":"https:\/\/www.notijalapa.net\/noticias\/wp-json\/wp\/v2\/media\/22085"}],"wp:attachment":[{"href":"https:\/\/www.notijalapa.net\/noticias\/wp-json\/wp\/v2\/media?parent=22090"}],"wp:term":[{"taxonomy":"category","embeddable":true,"href":"https:\/\/www.notijalapa.net\/noticias\/wp-json\/wp\/v2\/categories?post=22090"},{"taxonomy":"post_tag","embeddable":true,"href":"https:\/\/www.notijalapa.net\/noticias\/wp-json\/wp\/v2\/tags?post=22090"}],"curies":[{"name":"wp","href":"https:\/\/api.w.org\/{rel}","templated":true}]}}