{"id":21147,"date":"2024-09-26T10:54:56","date_gmt":"2024-09-26T10:54:56","guid":{"rendered":"https:\/\/www.notijalapa.net\/noticias\/?p=21147"},"modified":"2024-09-26T11:10:24","modified_gmt":"2024-09-26T11:10:24","slug":"retornaron-a-clases-despues-de-suspenderlas-por-tema-de-dengue","status":"publish","type":"post","link":"https:\/\/www.notijalapa.net\/noticias\/2024\/09\/26\/retornaron-a-clases-despues-de-suspenderlas-por-tema-de-dengue\/","title":{"rendered":"Retornaron a clases despu\u00e9s de suspenderlas por tema de dengue"},"content":{"rendered":"<p>La suspensi\u00f3n de clases fue \u00fanicamente para el municipio de Jalapa, esto sucedi\u00f3 para el d\u00eda viernes y el d\u00eda lunes pasados, ya el martes se reanudaron nuevamente las clases y contin\u00faan con las actividades normales, siempre con las medidas que establece el protocolo escuelas libres de dengue, seg\u00fan lo dio a conocer la Licda. Mar\u00eda Aracely Figueroa Directora Departamental de Educaci\u00f3n.<\/p>\n<p><a href=\"https:\/\/www.notijalapa.net\/noticias\/2024\/09\/26\/en-san-manuel-chaparron-se-realizara-la-feria-agricola\/\">MIRA: En San Manuel Chaparr\u00f3n se realizar\u00e1 la feria agr\u00edcola<\/a><\/p>\n<p>Desde la direcci\u00f3n tiene un plan estrat\u00e9gico, en donde tienen previstas una serie de actividades en conjunto con delegados y personal de otras instituciones para que tengan un mejor efecto de trabajar en prevenir los casos de dengue.<\/p>\n<p><iframe loading=\"lazy\" title=\"Retornaron a clases despu\u00e9s de suspenderlas por tema de dengue\" width=\"640\" height=\"360\" src=\"https:\/\/www.youtube.com\/embed\/g9g9n5vi0tQ?feature=oembed\" frameborder=\"0\" allow=\"accelerometer; autoplay; clipboard-write; encrypted-media; gyroscope; picture-in-picture; web-share\" referrerpolicy=\"strict-origin-when-cross-origin\" allowfullscreen><\/iframe><\/p>\n<p>Estar\u00e1n trabajado juntamente con personal de Salud y Malaria que les han estado apoyando con el tema de fumigaciones y algunas otras personas que tambi\u00e9n les han apoyado con las fumigaciones.<\/p>\n<p>Ellos est\u00e1n realizando un diagn\u00f3stico para identificar cuantos casos se han tendi\u00f3 de dengue en las escuelas, saben que ese dato es variable, porque en cuanto las personas sufren esta enfermedad y se van recuperando.<\/p>\n<p style=\"text-align: center;\"><iframe loading=\"lazy\" style=\"border: none; overflow: hidden;\" src=\"https:\/\/www.facebook.com\/plugins\/post.php?href=https%3A%2F%2Fwww.facebook.com%2Fpermalink.php%3Fstory_fbid%3Dpfbid0H3gecUmC7D5iJNRGDdvVUhymWQwBPSJRknwvnx6ZXYyG6YqJ67gKveArwULpDneQl%26id%3D100083158940816&amp;show_text=true&amp;width=500\" width=\"500\" height=\"525\" frameborder=\"0\" scrolling=\"no\" allowfullscreen=\"allowfullscreen\"><\/iframe><\/p>\n","protected":false},"excerpt":{"rendered":"<p>La suspensi\u00f3n de clases fue \u00fanicamente para el municipio de Jalapa, esto sucedi\u00f3 para el d\u00eda viernes y el d\u00eda lunes pasados, ya el martes se reanudaron nuevamente las clases y contin\u00faan con las actividades normales, siempre con las medidas que establece el protocolo escuelas libres de dengue, seg\u00fan lo dio a conocer la Licda. Mar\u00eda Aracely Figueroa Directora Departamental de Educaci\u00f3n. MIRA: En San Manuel Chaparr\u00f3n se realizar\u00e1 la feria agr\u00edcola Desde la direcci\u00f3n tiene un plan estrat\u00e9gico, en donde tienen previstas una serie de actividades en conjunto con&hellip;<\/p>\n","protected":false},"author":2,"featured_media":21141,"comment_status":"open","ping_status":"open","sticky":false,"template":"","format":"standard","meta":{"footnotes":""},"categories":[3],"tags":[7406,7407],"class_list":["post-21147","post","type-post","status-publish","format-standard","has-post-thumbnail","hentry","category-locales","tag-retornaron-a-clases-despues-de","tag-suspenderlas-por-tema-de-dengue"],"gutentor_comment":0,"_links":{"self":[{"href":"https:\/\/www.notijalapa.net\/noticias\/wp-json\/wp\/v2\/posts\/21147","targetHints":{"allow":["GET"]}}],"collection":[{"href":"https:\/\/www.notijalapa.net\/noticias\/wp-json\/wp\/v2\/posts"}],"about":[{"href":"https:\/\/www.notijalapa.net\/noticias\/wp-json\/wp\/v2\/types\/post"}],"author":[{"embeddable":true,"href":"https:\/\/www.notijalapa.net\/noticias\/wp-json\/wp\/v2\/users\/2"}],"replies":[{"embeddable":true,"href":"https:\/\/www.notijalapa.net\/noticias\/wp-json\/wp\/v2\/comments?post=21147"}],"version-history":[{"count":2,"href":"https:\/\/www.notijalapa.net\/noticias\/wp-json\/wp\/v2\/posts\/21147\/revisions"}],"predecessor-version":[{"id":21159,"href":"https:\/\/www.notijalapa.net\/noticias\/wp-json\/wp\/v2\/posts\/21147\/revisions\/21159"}],"wp:featuredmedia":[{"embeddable":true,"href":"https:\/\/www.notijalapa.net\/noticias\/wp-json\/wp\/v2\/media\/21141"}],"wp:attachment":[{"href":"https:\/\/www.notijalapa.net\/noticias\/wp-json\/wp\/v2\/media?parent=21147"}],"wp:term":[{"taxonomy":"category","embeddable":true,"href":"https:\/\/www.notijalapa.net\/noticias\/wp-json\/wp\/v2\/categories?post=21147"},{"taxonomy":"post_tag","embeddable":true,"href":"https:\/\/www.notijalapa.net\/noticias\/wp-json\/wp\/v2\/tags?post=21147"}],"curies":[{"name":"wp","href":"https:\/\/api.w.org\/{rel}","templated":true}]}}