{"id":21065,"date":"2024-09-21T12:29:59","date_gmt":"2024-09-21T12:29:59","guid":{"rendered":"https:\/\/www.notijalapa.net\/noticias\/?p=21065"},"modified":"2024-09-21T12:48:04","modified_gmt":"2024-09-21T12:48:04","slug":"estamos-en-alerta-roja-por-las-fuertes-lluvias","status":"publish","type":"post","link":"https:\/\/www.notijalapa.net\/noticias\/2024\/09\/21\/estamos-en-alerta-roja-por-las-fuertes-lluvias\/","title":{"rendered":"Estamos en alerta roja por las fuertes lluvias"},"content":{"rendered":"<p>Pasar de alerta anaranjada a roja por la temporada de lluvias en la \u00faltima fase de estos meses es para mantener esa coordinaci\u00f3n con el coordinador departamental ante las municipales, ya que \u00faltimamente las lluvias se han intensificado, seg\u00fan lo dio a conocer el Lic. Virgilio \u00c1lvaro Ram\u00edrez delegando de la CONRED.<\/p>\n<p><a href=\"https:\/\/www.notijalapa.net\/noticias\/2024\/09\/21\/persona-resulta-con-serios-golpes-al-ser-atropellada-por-un-motorista\/\">MIRA: Persona resulta con serios golpes al ser atropellada por un motorista<\/a><\/p>\n<p>Gracias a la comunicaci\u00f3n que mantienen con los coordinadores departamental y municipales les permite mantener un monitoreo permanente interinstitucional con el fin de mantener activas todas las funciones operativas de acuerdo como lo establece el plan nacional de respuesta y al tener estos activos les permite una respuesta inmediata en cada sector.<\/p>\n<p><iframe loading=\"lazy\" title=\"Estamos en alerta roja por las fuertes lluvias\" width=\"640\" height=\"360\" src=\"https:\/\/www.youtube.com\/embed\/gnvilN2Cznk?feature=oembed\" frameborder=\"0\" allow=\"accelerometer; autoplay; clipboard-write; encrypted-media; gyroscope; picture-in-picture; web-share\" referrerpolicy=\"strict-origin-when-cross-origin\" allowfullscreen><\/iframe><\/p>\n<p>En este caso el trabajo fundamental de la coordinadora departamental es mantenerse pendiente en su monitoreo permanente con todos los municipios, inmediatamente se le informa a la directora de la coordinadora que es lo que est\u00e1 sucediendo en cada territorio y eso de alguna manera favorece una mejor coordinaci\u00f3n.<\/p>\n<p style=\"text-align: center;\"><iframe loading=\"lazy\" style=\"border: none; overflow: hidden;\" src=\"https:\/\/www.facebook.com\/plugins\/post.php?href=https%3A%2F%2Fwww.facebook.com%2Fpermalink.php%3Fstory_fbid%3Dpfbid0uNfw1uPNGHkiocUxZ5r3KVXJ4ivPMpdutEusDQNEu2ogrJ763r8tt99VoY8o2KyMl%26id%3D100083158940816&amp;show_text=true&amp;width=500\" width=\"500\" height=\"250\" frameborder=\"0\" scrolling=\"no\" allowfullscreen=\"allowfullscreen\"><\/iframe><\/p>\n","protected":false},"excerpt":{"rendered":"<p>Pasar de alerta anaranjada a roja por la temporada de lluvias en la \u00faltima fase de estos meses es para mantener esa coordinaci\u00f3n con el coordinador departamental ante las municipales, ya que \u00faltimamente las lluvias se han intensificado, seg\u00fan lo dio a conocer el Lic. Virgilio \u00c1lvaro Ram\u00edrez delegando de la CONRED. MIRA: Persona resulta con serios golpes al ser atropellada por un motorista Gracias a la comunicaci\u00f3n que mantienen con los coordinadores departamental y municipales les permite mantener un monitoreo permanente interinstitucional con el fin de mantener activas todas&hellip;<\/p>\n","protected":false},"author":2,"featured_media":21066,"comment_status":"open","ping_status":"open","sticky":false,"template":"","format":"standard","meta":{"footnotes":""},"categories":[3],"tags":[7370,7371],"class_list":["post-21065","post","type-post","status-publish","format-standard","has-post-thumbnail","hentry","category-locales","tag-estamos-en-alerta-roja","tag-por-las-fuertes-lluvias"],"gutentor_comment":0,"_links":{"self":[{"href":"https:\/\/www.notijalapa.net\/noticias\/wp-json\/wp\/v2\/posts\/21065","targetHints":{"allow":["GET"]}}],"collection":[{"href":"https:\/\/www.notijalapa.net\/noticias\/wp-json\/wp\/v2\/posts"}],"about":[{"href":"https:\/\/www.notijalapa.net\/noticias\/wp-json\/wp\/v2\/types\/post"}],"author":[{"embeddable":true,"href":"https:\/\/www.notijalapa.net\/noticias\/wp-json\/wp\/v2\/users\/2"}],"replies":[{"embeddable":true,"href":"https:\/\/www.notijalapa.net\/noticias\/wp-json\/wp\/v2\/comments?post=21065"}],"version-history":[{"count":2,"href":"https:\/\/www.notijalapa.net\/noticias\/wp-json\/wp\/v2\/posts\/21065\/revisions"}],"predecessor-version":[{"id":21088,"href":"https:\/\/www.notijalapa.net\/noticias\/wp-json\/wp\/v2\/posts\/21065\/revisions\/21088"}],"wp:featuredmedia":[{"embeddable":true,"href":"https:\/\/www.notijalapa.net\/noticias\/wp-json\/wp\/v2\/media\/21066"}],"wp:attachment":[{"href":"https:\/\/www.notijalapa.net\/noticias\/wp-json\/wp\/v2\/media?parent=21065"}],"wp:term":[{"taxonomy":"category","embeddable":true,"href":"https:\/\/www.notijalapa.net\/noticias\/wp-json\/wp\/v2\/categories?post=21065"},{"taxonomy":"post_tag","embeddable":true,"href":"https:\/\/www.notijalapa.net\/noticias\/wp-json\/wp\/v2\/tags?post=21065"}],"curies":[{"name":"wp","href":"https:\/\/api.w.org\/{rel}","templated":true}]}}