{"id":20873,"date":"2024-09-05T10:55:59","date_gmt":"2024-09-05T10:55:59","guid":{"rendered":"https:\/\/www.notijalapa.net\/noticias\/?p=20873"},"modified":"2024-09-05T11:06:02","modified_gmt":"2024-09-05T11:06:02","slug":"unicamente-descansaran-los-docentes-que-laboran-en-el-municipio-de-jalapa","status":"publish","type":"post","link":"https:\/\/www.notijalapa.net\/noticias\/2024\/09\/05\/unicamente-descansaran-los-docentes-que-laboran-en-el-municipio-de-jalapa\/","title":{"rendered":"\u00danicamente descansar\u00e1n los docentes que laboran en el municipio de Jalapa"},"content":{"rendered":"<p>Se aproximan las actividades de independencia patria, es una actividad que se celebra a nivel nacional y en el municipio de Jalapa coincide tanto con la celebraci\u00f3n del 15 de septiembre como asueto y la feria septiembre, seg\u00fan lo dio a conocer Cender Jim\u00e9nez secretario del Sindicato de Educaci\u00f3n.<\/p>\n<p><a href=\"https:\/\/www.notijalapa.net\/noticias\/2024\/09\/05\/hacen-coordinaciones-para-brindar-mayor-seguridad-en-epoca-de-feria\/\">MIRA: Hacen coordinaciones para brindar mayor seguridad en \u00e9poca de feria<\/a><\/p>\n<p>Tienen conocimiento que a trav\u00e9s de un acuerdo municipal se dan dos d\u00edas para acompa\u00f1ar a las actividades septembrinas siendo el viernes 6 de septiembre y tambi\u00e9n el viernes 13 de septiembre.<\/p>\n<p><iframe loading=\"lazy\" title=\"\u00danicamente descansar\u00e1n los docentes que laboran en el municipio de Jalapa\" width=\"640\" height=\"360\" src=\"https:\/\/www.youtube.com\/embed\/Va_41dc537A?feature=oembed\" frameborder=\"0\" allow=\"accelerometer; autoplay; clipboard-write; encrypted-media; gyroscope; picture-in-picture; web-share\" referrerpolicy=\"strict-origin-when-cross-origin\" allowfullscreen><\/iframe><\/p>\n<p>Recordemos que esta es una actividad \u00fanicamente del municipio de Jalapa, por lo tanto, le corresponde descansar esos d\u00edas a los docentes que laboran en el municipio de Jalapa, todos los dem\u00e1s municipios tienen que trabajar normalmente porque cada municipio tiene su fecha de feria titular.<\/p>\n<p style=\"text-align: center;\"><iframe loading=\"lazy\" style=\"border: none; overflow: hidden;\" src=\"https:\/\/www.facebook.com\/plugins\/post.php?href=https%3A%2F%2Fwww.facebook.com%2Fpermalink.php%3Fstory_fbid%3Dpfbid02krNpqU88QFTNLrUH5KW9zcxXdrgukqUVTUTsgacNzuGaGe65j2XLWzimdMuQCGwrl%26id%3D100083158940816&amp;show_text=true&amp;width=500\" width=\"500\" height=\"506\" frameborder=\"0\" scrolling=\"no\" allowfullscreen=\"allowfullscreen\"><\/iframe><\/p>\n","protected":false},"excerpt":{"rendered":"<p>Se aproximan las actividades de independencia patria, es una actividad que se celebra a nivel nacional y en el municipio de Jalapa coincide tanto con la celebraci\u00f3n del 15 de septiembre como asueto y la feria septiembre, seg\u00fan lo dio a conocer Cender Jim\u00e9nez secretario del Sindicato de Educaci\u00f3n. MIRA: Hacen coordinaciones para brindar mayor seguridad en \u00e9poca de feria Tienen conocimiento que a trav\u00e9s de un acuerdo municipal se dan dos d\u00edas para acompa\u00f1ar a las actividades septembrinas siendo el viernes 6 de septiembre y tambi\u00e9n el viernes 13&hellip;<\/p>\n","protected":false},"author":2,"featured_media":20863,"comment_status":"open","ping_status":"open","sticky":false,"template":"","format":"standard","meta":{"footnotes":""},"categories":[3],"tags":[7294,7293],"class_list":["post-20873","post","type-post","status-publish","format-standard","has-post-thumbnail","hentry","category-locales","tag-que-laboran-en-el-municipio-de-jalapa","tag-unicamente-descansaran-los-docentes"],"gutentor_comment":0,"_links":{"self":[{"href":"https:\/\/www.notijalapa.net\/noticias\/wp-json\/wp\/v2\/posts\/20873","targetHints":{"allow":["GET"]}}],"collection":[{"href":"https:\/\/www.notijalapa.net\/noticias\/wp-json\/wp\/v2\/posts"}],"about":[{"href":"https:\/\/www.notijalapa.net\/noticias\/wp-json\/wp\/v2\/types\/post"}],"author":[{"embeddable":true,"href":"https:\/\/www.notijalapa.net\/noticias\/wp-json\/wp\/v2\/users\/2"}],"replies":[{"embeddable":true,"href":"https:\/\/www.notijalapa.net\/noticias\/wp-json\/wp\/v2\/comments?post=20873"}],"version-history":[{"count":3,"href":"https:\/\/www.notijalapa.net\/noticias\/wp-json\/wp\/v2\/posts\/20873\/revisions"}],"predecessor-version":[{"id":20876,"href":"https:\/\/www.notijalapa.net\/noticias\/wp-json\/wp\/v2\/posts\/20873\/revisions\/20876"}],"wp:featuredmedia":[{"embeddable":true,"href":"https:\/\/www.notijalapa.net\/noticias\/wp-json\/wp\/v2\/media\/20863"}],"wp:attachment":[{"href":"https:\/\/www.notijalapa.net\/noticias\/wp-json\/wp\/v2\/media?parent=20873"}],"wp:term":[{"taxonomy":"category","embeddable":true,"href":"https:\/\/www.notijalapa.net\/noticias\/wp-json\/wp\/v2\/categories?post=20873"},{"taxonomy":"post_tag","embeddable":true,"href":"https:\/\/www.notijalapa.net\/noticias\/wp-json\/wp\/v2\/tags?post=20873"}],"curies":[{"name":"wp","href":"https:\/\/api.w.org\/{rel}","templated":true}]}}