{"id":20670,"date":"2024-08-24T12:44:29","date_gmt":"2024-08-24T12:44:29","guid":{"rendered":"https:\/\/www.notijalapa.net\/noticias\/?p=20670"},"modified":"2024-08-24T13:04:24","modified_gmt":"2024-08-24T13:04:24","slug":"realizaran-la-segunda-feria-de-empleo-en-jalapa","status":"publish","type":"post","link":"https:\/\/www.notijalapa.net\/noticias\/2024\/08\/24\/realizaran-la-segunda-feria-de-empleo-en-jalapa\/","title":{"rendered":"Realizar\u00e1n la segunda feria de empleo en Jalapa"},"content":{"rendered":"<p>Como parte de las programaciones que tienen de la sede central, este 29 de agosto se realizar\u00e1 la segunda feria de empleo en el departamento de Jalapa, en donde ya tienen gestionado todo, el lugar, la fecha, mobiliario, parqueo y las empresas que estar\u00e1n participando, seg\u00fan lo manifest\u00f3 Jos\u00e9 Javier Garc\u00eda Gestor Departamental de Empleo.<\/p>\n<p><a href=\"https:\/\/www.notijalapa.net\/noticias\/2024\/08\/24\/malaria-sin-insumos-y-equipo-para-realizar-los-trabajos-de-prevencion\/\">MIRA: Malaria sin insumos y equipo para realizar los trabajos de prevenci\u00f3n<\/a><\/p>\n<p>La feria de empleo se realizar\u00e1 en el Instituto Normal Centroamericano para Varones INCAV, van a estar all\u00ed desde las 8:00 hasta las 14:00 horas, en donde contar\u00e1n con la participaci\u00f3n de 17 empresas que van a estar de manera presencial.<\/p>\n<p><iframe loading=\"lazy\" title=\"Realizar\u00e1n la segunda feria de empleo en Jalapa\" width=\"640\" height=\"360\" src=\"https:\/\/www.youtube.com\/embed\/BLKXoo8aeNE?feature=oembed\" frameborder=\"0\" allow=\"accelerometer; autoplay; clipboard-write; encrypted-media; gyroscope; picture-in-picture; web-share\" referrerpolicy=\"strict-origin-when-cross-origin\" allowfullscreen><\/iframe><\/p>\n<p>En total tienen la participaci\u00f3n de 20 empresas, pero tres estar\u00e1n de manera virtual y las otras estar\u00e1n presenciales, entre ellas se tienen 261 plazas vacantes que se est\u00e1n ofertando para el departamento de Jalapa.<\/p>\n<p>Hace la invitaci\u00f3n a toda la poblaci\u00f3n para que, desde ya empiece a alistar toda su papeler\u00eda correspondiente, requisito indispensable es el Curriculum Vitae, del cual deben llevar varias copias, lapiceros, todas las personas deben registrarse a trav\u00e9s de la plataforma <strong><u>tu empleo<\/u><\/strong> en la p\u00e1gina del ministerio de trabajo, porque les enviar\u00e1n un correo con un c\u00f3digo QR que ser\u00e1 el pase de entrada para esta feria de empleo.<\/p>\n<p>Cabe mencionar que, si usted no puede registrarse o no lo hizo, en las afueras del centro educativo van a contar con una mesa de registro, lo \u00fanico es que van a tener que hacer una fila y esperar su turno para ingresar.<\/p>\n<p style=\"text-align: center;\"><iframe loading=\"lazy\" style=\"border: none; overflow: hidden;\" src=\"https:\/\/www.facebook.com\/plugins\/post.php?href=https%3A%2F%2Fwww.facebook.com%2Fpermalink.php%3Fstory_fbid%3Dpfbid02iTthuxXPdt7Ly4P6zJoudGv7hTZaUH3Veaa4im4PKX75XCt9HCJZSMT2cEsYL5kJl%26id%3D100083158940816&amp;show_text=true&amp;width=500\" width=\"500\" height=\"793\" frameborder=\"0\" scrolling=\"no\" allowfullscreen=\"allowfullscreen\"><\/iframe><\/p>\n","protected":false},"excerpt":{"rendered":"<p>Como parte de las programaciones que tienen de la sede central, este 29 de agosto se realizar\u00e1 la segunda feria de empleo en el departamento de Jalapa, en donde ya tienen gestionado todo, el lugar, la fecha, mobiliario, parqueo y las empresas que estar\u00e1n participando, seg\u00fan lo manifest\u00f3 Jos\u00e9 Javier Garc\u00eda Gestor Departamental de Empleo. MIRA: Malaria sin insumos y equipo para realizar los trabajos de prevenci\u00f3n La feria de empleo se realizar\u00e1 en el Instituto Normal Centroamericano para Varones INCAV, van a estar all\u00ed desde las 8:00 hasta las&hellip;<\/p>\n","protected":false},"author":2,"featured_media":20664,"comment_status":"open","ping_status":"open","sticky":false,"template":"","format":"standard","meta":{"footnotes":""},"categories":[3],"tags":[1162,7206],"class_list":["post-20670","post","type-post","status-publish","format-standard","has-post-thumbnail","hentry","category-locales","tag-de-empleo-en-jalapa","tag-realizaran-la-segunda-feria"],"gutentor_comment":0,"_links":{"self":[{"href":"https:\/\/www.notijalapa.net\/noticias\/wp-json\/wp\/v2\/posts\/20670","targetHints":{"allow":["GET"]}}],"collection":[{"href":"https:\/\/www.notijalapa.net\/noticias\/wp-json\/wp\/v2\/posts"}],"about":[{"href":"https:\/\/www.notijalapa.net\/noticias\/wp-json\/wp\/v2\/types\/post"}],"author":[{"embeddable":true,"href":"https:\/\/www.notijalapa.net\/noticias\/wp-json\/wp\/v2\/users\/2"}],"replies":[{"embeddable":true,"href":"https:\/\/www.notijalapa.net\/noticias\/wp-json\/wp\/v2\/comments?post=20670"}],"version-history":[{"count":2,"href":"https:\/\/www.notijalapa.net\/noticias\/wp-json\/wp\/v2\/posts\/20670\/revisions"}],"predecessor-version":[{"id":20680,"href":"https:\/\/www.notijalapa.net\/noticias\/wp-json\/wp\/v2\/posts\/20670\/revisions\/20680"}],"wp:featuredmedia":[{"embeddable":true,"href":"https:\/\/www.notijalapa.net\/noticias\/wp-json\/wp\/v2\/media\/20664"}],"wp:attachment":[{"href":"https:\/\/www.notijalapa.net\/noticias\/wp-json\/wp\/v2\/media?parent=20670"}],"wp:term":[{"taxonomy":"category","embeddable":true,"href":"https:\/\/www.notijalapa.net\/noticias\/wp-json\/wp\/v2\/categories?post=20670"},{"taxonomy":"post_tag","embeddable":true,"href":"https:\/\/www.notijalapa.net\/noticias\/wp-json\/wp\/v2\/tags?post=20670"}],"curies":[{"name":"wp","href":"https:\/\/api.w.org\/{rel}","templated":true}]}}