{"id":20666,"date":"2024-08-24T12:43:00","date_gmt":"2024-08-24T12:43:00","guid":{"rendered":"https:\/\/www.notijalapa.net\/noticias\/?p=20666"},"modified":"2024-08-24T13:06:34","modified_gmt":"2024-08-24T13:06:34","slug":"lo-ligaron-a-proceso-penal-por-homicidio","status":"publish","type":"post","link":"https:\/\/www.notijalapa.net\/noticias\/2024\/08\/24\/lo-ligaron-a-proceso-penal-por-homicidio\/","title":{"rendered":"Lo ligaron a proceso penal por homicidio"},"content":{"rendered":"<p>Dos hombres se agarraron a balazos uno muri\u00f3 y otro quedo vivo y ahora enfrenta la justicia se trata de Steven Ortiz acusado de la muerte de Pedro Julio Ishlaj Palma. En ese caso en su momento la persona que result\u00f3 herida ya lleg\u00f3 a una audiencia para su primera declaraci\u00f3n y enfrentar\u00e1 el proceso del delito de homicidio, es decir que \u00e9l tiene su presunci\u00f3n de inocencia y es a trav\u00e9s de las investigaciones que determinar\u00e1n la responsabilidad penal del mismo, seg\u00fan lo manifest\u00f3 el Lic. Mainor Garc\u00eda Fiscal Distrital del Ministerio P\u00fablico.<\/p>\n<p><a href=\"https:\/\/www.notijalapa.net\/noticias\/2024\/08\/24\/hasta-el-momento-no-hay-reportes-de-formacion-de-fenomenos-naturales\/\">MIRA: Hasta el momento no hay reportes de formaci\u00f3n de fen\u00f3menos naturales<\/a><\/p>\n<p>Ya las investigaciones est\u00e1n avanzando, se tienen los videos que toda la poblaci\u00f3n pudo observar a trav\u00e9s de las redes sociales, en donde es evidente que hubo intercambio de disparos, pero a\u00fan deben determinar los aspectos de la situaci\u00f3n. Tienen el plazo de tres meses que otorg\u00f3 el se\u00f1or juez para abrirles la investigaci\u00f3n en donde tienen que presentar un acto conclusivo para determinar si ir\u00e1 a juicio o no.<\/p>\n<p><iframe loading=\"lazy\" title=\"Lo ligaron a proceso penal por homicidio\" width=\"640\" height=\"360\" src=\"https:\/\/www.youtube.com\/embed\/I0NRVGlwH5E?feature=oembed\" frameborder=\"0\" allow=\"accelerometer; autoplay; clipboard-write; encrypted-media; gyroscope; picture-in-picture; web-share\" referrerpolicy=\"strict-origin-when-cross-origin\" allowfullscreen><\/iframe><\/p>\n<p>El delito de homicidio a comparaci\u00f3n al de asesinato tiene una diferencia a la condena de prisi\u00f3n, porque el de homicidio son de 15 a 25 a\u00f1os y el de asesinato de 25 a 50, sin embargo; esta persona est\u00e1 sindicada por el delito de homicidio, ya que para tener establecido un delito de asesinato se deben determinar varios aspectos, ya que es un delito en el que se deben reunir varios elementos que concurren para que se pueda establecer el mismo y no solo es que hayan tenido problemas anteriormente.<\/p>\n<p>Actualmente es muy prematuro poder decir que se solicitar\u00e1 alguna reforma o no, porque la investigaci\u00f3n apenas est\u00e1 iniciando y est\u00e1n esperando resultados de informes de este caso. El juicio o el proceso penal en Guatemala est\u00e1 dise\u00f1ado para que el delito se pueda cambiar en el debate, es decir que, en la audiencia de primera declaraci\u00f3n se da el procesamiento, en la intermedia puede cambiar el delito, incluso en la etapa de investigaci\u00f3n se pueden solicitar reformas de este y al inicio del debate tambi\u00e9n podr\u00eda darse la advertencia del cambio si as\u00ed lo considera el juez o el tribunal competente.<\/p>\n<p style=\"text-align: center;\"><iframe loading=\"lazy\" style=\"border: none; overflow: hidden;\" src=\"https:\/\/www.facebook.com\/plugins\/post.php?href=https%3A%2F%2Fwww.facebook.com%2Fpermalink.php%3Fstory_fbid%3Dpfbid0Zh5mTiUTxLsEqnBtfJznAnd9jQvz5gQgLqHMjGaoYS8daFHb4xxm6S7Yj4c9RuhKl%26id%3D100083158940816&amp;show_text=true&amp;width=500\" width=\"500\" height=\"755\" frameborder=\"0\" scrolling=\"no\" allowfullscreen=\"allowfullscreen\"><\/iframe><\/p>\n","protected":false},"excerpt":{"rendered":"<p>Dos hombres se agarraron a balazos uno muri\u00f3 y otro quedo vivo y ahora enfrenta la justicia se trata de Steven Ortiz acusado de la muerte de Pedro Julio Ishlaj Palma. En ese caso en su momento la persona que result\u00f3 herida ya lleg\u00f3 a una audiencia para su primera declaraci\u00f3n y enfrentar\u00e1 el proceso del delito de homicidio, es decir que \u00e9l tiene su presunci\u00f3n de inocencia y es a trav\u00e9s de las investigaciones que determinar\u00e1n la responsabilidad penal del mismo, seg\u00fan lo manifest\u00f3 el Lic. Mainor Garc\u00eda Fiscal&hellip;<\/p>\n","protected":false},"author":2,"featured_media":20661,"comment_status":"open","ping_status":"open","sticky":false,"template":"","format":"standard","meta":{"footnotes":""},"categories":[3],"tags":[7202,7203],"class_list":["post-20666","post","type-post","status-publish","format-standard","has-post-thumbnail","hentry","category-locales","tag-lo-ligaron-a-proceso-penal","tag-por-homicidio"],"gutentor_comment":0,"_links":{"self":[{"href":"https:\/\/www.notijalapa.net\/noticias\/wp-json\/wp\/v2\/posts\/20666","targetHints":{"allow":["GET"]}}],"collection":[{"href":"https:\/\/www.notijalapa.net\/noticias\/wp-json\/wp\/v2\/posts"}],"about":[{"href":"https:\/\/www.notijalapa.net\/noticias\/wp-json\/wp\/v2\/types\/post"}],"author":[{"embeddable":true,"href":"https:\/\/www.notijalapa.net\/noticias\/wp-json\/wp\/v2\/users\/2"}],"replies":[{"embeddable":true,"href":"https:\/\/www.notijalapa.net\/noticias\/wp-json\/wp\/v2\/comments?post=20666"}],"version-history":[{"count":2,"href":"https:\/\/www.notijalapa.net\/noticias\/wp-json\/wp\/v2\/posts\/20666\/revisions"}],"predecessor-version":[{"id":20682,"href":"https:\/\/www.notijalapa.net\/noticias\/wp-json\/wp\/v2\/posts\/20666\/revisions\/20682"}],"wp:featuredmedia":[{"embeddable":true,"href":"https:\/\/www.notijalapa.net\/noticias\/wp-json\/wp\/v2\/media\/20661"}],"wp:attachment":[{"href":"https:\/\/www.notijalapa.net\/noticias\/wp-json\/wp\/v2\/media?parent=20666"}],"wp:term":[{"taxonomy":"category","embeddable":true,"href":"https:\/\/www.notijalapa.net\/noticias\/wp-json\/wp\/v2\/categories?post=20666"},{"taxonomy":"post_tag","embeddable":true,"href":"https:\/\/www.notijalapa.net\/noticias\/wp-json\/wp\/v2\/tags?post=20666"}],"curies":[{"name":"wp","href":"https:\/\/api.w.org\/{rel}","templated":true}]}}