{"id":20525,"date":"2024-08-16T10:56:09","date_gmt":"2024-08-16T10:56:09","guid":{"rendered":"https:\/\/www.notijalapa.net\/noticias\/?p=20525"},"modified":"2024-08-16T11:09:59","modified_gmt":"2024-08-16T11:09:59","slug":"mujeres-son-capacitadas-sobre-la-importancia-de-la-lactancia-materna-en-espacios-laborales","status":"publish","type":"post","link":"https:\/\/www.notijalapa.net\/noticias\/2024\/08\/16\/mujeres-son-capacitadas-sobre-la-importancia-de-la-lactancia-materna-en-espacios-laborales\/","title":{"rendered":"Mujeres son capacitadas sobre la importancia de la lactancia materna en espacios laborales"},"content":{"rendered":"<p>Estuvieron realizando una actividad alusiva a la semana mundial de la lactancia materna, estuvieron dando una capacitaci\u00f3n en derechos humanos de las mujeres donde se han convocado a mujeres de las diferentes comunidades, para que participen y se empoderen del tema de la importancia y la promoci\u00f3n de la lactancia materna en los espacios laborales, seg\u00fan lo dio a conocer Jasmin Castillo del Ministerio de Trabajo y Previsi\u00f3n Social.<\/p>\n<p><a href=\"https:\/\/www.notijalapa.net\/noticias\/2024\/08\/16\/buscan-apoyo-de-alcaldes-para-eliminar-la-proliferacion-del-zancudo-transmisor-de-enfermedades\/\">MIRA: Buscan apoyo de alcaldes para eliminar la proliferaci\u00f3n del zancudo transmisor de enfermedades<\/a><\/p>\n<p>Recordemos que, en cada instituci\u00f3n hay diversos grupos de mujeres que laboran y que ellas deben tener un espacio para que puedan tener una hora de lactancia materna para sus hijos, porque recordemos que esto es de suma importancia para el alimento de sus hijos.<\/p>\n<p><iframe loading=\"lazy\" title=\"Mujeres son capacitadas sobre la importancia de la lactancia materna en espacios laborales\" width=\"640\" height=\"360\" src=\"https:\/\/www.youtube.com\/embed\/YL3yEUp1gHk?feature=oembed\" frameborder=\"0\" allow=\"accelerometer; autoplay; clipboard-write; encrypted-media; gyroscope; picture-in-picture; web-share\" referrerpolicy=\"strict-origin-when-cross-origin\" allowfullscreen><\/iframe><\/p>\n<p>El objetivo principal es concientizar no solo a las madres, sino a todas las personas para que siempre les den lactancia materna a sus hijos, porque este es el mejor alimento que ellos pueden llegar a recibir y que no importa en donde estemos, lo mejor es alimentar a nuestros bebes.<\/p>\n<p style=\"text-align: center;\"><iframe loading=\"lazy\" style=\"border: none; overflow: hidden;\" src=\"https:\/\/www.facebook.com\/plugins\/post.php?href=https%3A%2F%2Fwww.facebook.com%2Fpermalink.php%3Fstory_fbid%3Dpfbid02pYrVvA9n3vTqa4P8oGC9h3knrx7veA77uruGSY4QHeFBZsANWcVjLCg4LFXPodmhl%26id%3D100083158940816&amp;show_text=true&amp;width=500\" width=\"500\" height=\"793\" frameborder=\"0\" scrolling=\"no\" allowfullscreen=\"allowfullscreen\"><\/iframe><\/p>\n","protected":false},"excerpt":{"rendered":"<p>Estuvieron realizando una actividad alusiva a la semana mundial de la lactancia materna, estuvieron dando una capacitaci\u00f3n en derechos humanos de las mujeres donde se han convocado a mujeres de las diferentes comunidades, para que participen y se empoderen del tema de la importancia y la promoci\u00f3n de la lactancia materna en los espacios laborales, seg\u00fan lo dio a conocer Jasmin Castillo del Ministerio de Trabajo y Previsi\u00f3n Social. MIRA: Buscan apoyo de alcaldes para eliminar la proliferaci\u00f3n del zancudo transmisor de enfermedades Recordemos que, en cada instituci\u00f3n hay diversos&hellip;<\/p>\n","protected":false},"author":2,"featured_media":20517,"comment_status":"open","ping_status":"open","sticky":false,"template":"","format":"standard","meta":{"footnotes":""},"categories":[3],"tags":[7142,7141],"class_list":["post-20525","post","type-post","status-publish","format-standard","has-post-thumbnail","hentry","category-locales","tag-de-la-lactancia-materna-en-espacios-laborales","tag-mujeres-son-capacitadas-sobre-la-importancia"],"gutentor_comment":0,"_links":{"self":[{"href":"https:\/\/www.notijalapa.net\/noticias\/wp-json\/wp\/v2\/posts\/20525","targetHints":{"allow":["GET"]}}],"collection":[{"href":"https:\/\/www.notijalapa.net\/noticias\/wp-json\/wp\/v2\/posts"}],"about":[{"href":"https:\/\/www.notijalapa.net\/noticias\/wp-json\/wp\/v2\/types\/post"}],"author":[{"embeddable":true,"href":"https:\/\/www.notijalapa.net\/noticias\/wp-json\/wp\/v2\/users\/2"}],"replies":[{"embeddable":true,"href":"https:\/\/www.notijalapa.net\/noticias\/wp-json\/wp\/v2\/comments?post=20525"}],"version-history":[{"count":2,"href":"https:\/\/www.notijalapa.net\/noticias\/wp-json\/wp\/v2\/posts\/20525\/revisions"}],"predecessor-version":[{"id":20531,"href":"https:\/\/www.notijalapa.net\/noticias\/wp-json\/wp\/v2\/posts\/20525\/revisions\/20531"}],"wp:featuredmedia":[{"embeddable":true,"href":"https:\/\/www.notijalapa.net\/noticias\/wp-json\/wp\/v2\/media\/20517"}],"wp:attachment":[{"href":"https:\/\/www.notijalapa.net\/noticias\/wp-json\/wp\/v2\/media?parent=20525"}],"wp:term":[{"taxonomy":"category","embeddable":true,"href":"https:\/\/www.notijalapa.net\/noticias\/wp-json\/wp\/v2\/categories?post=20525"},{"taxonomy":"post_tag","embeddable":true,"href":"https:\/\/www.notijalapa.net\/noticias\/wp-json\/wp\/v2\/tags?post=20525"}],"curies":[{"name":"wp","href":"https:\/\/api.w.org\/{rel}","templated":true}]}}