{"id":20523,"date":"2024-08-16T10:55:30","date_gmt":"2024-08-16T10:55:30","guid":{"rendered":"https:\/\/www.notijalapa.net\/noticias\/?p=20523"},"modified":"2024-08-16T11:10:55","modified_gmt":"2024-08-16T11:10:55","slug":"capacitan-a-personal-de-educacion-para-el-quinto-censo-de-peso-y-talla-a-escolares","status":"publish","type":"post","link":"https:\/\/www.notijalapa.net\/noticias\/2024\/08\/16\/capacitan-a-personal-de-educacion-para-el-quinto-censo-de-peso-y-talla-a-escolares\/","title":{"rendered":"Capacitan a personal de educaci\u00f3n para el quinto censo de peso y talla a escolares"},"content":{"rendered":"<p>Este jueves, estuvieron capacitando al personal de la Direcci\u00f3n Departamental de Educaci\u00f3n, principalmente a los encargados de cada uno de los municipios de Jalapa, as\u00ed mismo tuvieron la visita de personal de los departamentos de Jutiapa y El Progreso, seg\u00fan lo dio a conocer el Ing. Erick Orellana delegado de SESAN.<\/p>\n<p><a href=\"https:\/\/www.notijalapa.net\/noticias\/2024\/08\/16\/alertas-alba-kenneth-por-problemas-familiares\/\">MIRA: Alertas Alba-Kenneth por problemas familiares<\/a><\/p>\n<p>Estuvieron capacitando a los CTA y coordinadores de las diferentes \u00e1reas del ministerio de educaci\u00f3n, quienes ser\u00e1n los encargados de capacitar a los directores y maestros de los diferentes centros educativos, para realizar el quinto censo escolar de peso y talla a los alumnos de primero primaria.<\/p>\n<p><iframe loading=\"lazy\" title=\"Capacitan a personal de educaci\u00f3n para el quinto censo de peso y talla a escolares\" width=\"640\" height=\"360\" src=\"https:\/\/www.youtube.com\/embed\/klNuU0k4dQc?feature=oembed\" frameborder=\"0\" allow=\"accelerometer; autoplay; clipboard-write; encrypted-media; gyroscope; picture-in-picture; web-share\" referrerpolicy=\"strict-origin-when-cross-origin\" allowfullscreen><\/iframe><\/p>\n<p>El objetivo es recabar datos para tener una mejor informaci\u00f3n en cuanto a como est\u00e1 la nutrici\u00f3n en nuestros ni\u00f1os, especialmente la talla en escolares de primero primaria, con el objetivo de detectar si hay ni\u00f1os con desnutrici\u00f3n y ver si los que ya se han detectado se han recuperado de esa desnutrici\u00f3n.<\/p>\n<p>Este es un censo que realizar\u00e1n a todos los ni\u00f1os de primero primaria, de las \u00e1reas urbana y rurales del sector p\u00fablico, no van a estar ingresado a las escuelas privadas y van a censar a los ni\u00f1os de edades de 6 a 9 a\u00f1os.<\/p>\n<p style=\"text-align: center;\"><iframe loading=\"lazy\" style=\"border: none; overflow: hidden;\" src=\"https:\/\/www.facebook.com\/plugins\/post.php?href=https%3A%2F%2Fwww.facebook.com%2Fpermalink.php%3Fstory_fbid%3Dpfbid02aD12XfyYVuCp7XrhXvCkacmiHxzZ7q6LhKPaLm7NTeRyLgrJuQFwQxyEK39zCMSml%26id%3D100083158940816&amp;show_text=true&amp;width=500\" width=\"500\" height=\"793\" frameborder=\"0\" scrolling=\"no\" allowfullscreen=\"allowfullscreen\"><\/iframe><\/p>\n","protected":false},"excerpt":{"rendered":"<p>Este jueves, estuvieron capacitando al personal de la Direcci\u00f3n Departamental de Educaci\u00f3n, principalmente a los encargados de cada uno de los municipios de Jalapa, as\u00ed mismo tuvieron la visita de personal de los departamentos de Jutiapa y El Progreso, seg\u00fan lo dio a conocer el Ing. Erick Orellana delegado de SESAN. MIRA: Alertas Alba-Kenneth por problemas familiares Estuvieron capacitando a los CTA y coordinadores de las diferentes \u00e1reas del ministerio de educaci\u00f3n, quienes ser\u00e1n los encargados de capacitar a los directores y maestros de los diferentes centros educativos, para realizar&hellip;<\/p>\n","protected":false},"author":2,"featured_media":20516,"comment_status":"open","ping_status":"open","sticky":false,"template":"","format":"standard","meta":{"footnotes":""},"categories":[3],"tags":[4129,7140],"class_list":["post-20523","post","type-post","status-publish","format-standard","has-post-thumbnail","hentry","category-locales","tag-capacitan-a-personal-de-educacion","tag-para-el-quinto-censo-de-peso-y-talla-a-escolares"],"gutentor_comment":0,"_links":{"self":[{"href":"https:\/\/www.notijalapa.net\/noticias\/wp-json\/wp\/v2\/posts\/20523","targetHints":{"allow":["GET"]}}],"collection":[{"href":"https:\/\/www.notijalapa.net\/noticias\/wp-json\/wp\/v2\/posts"}],"about":[{"href":"https:\/\/www.notijalapa.net\/noticias\/wp-json\/wp\/v2\/types\/post"}],"author":[{"embeddable":true,"href":"https:\/\/www.notijalapa.net\/noticias\/wp-json\/wp\/v2\/users\/2"}],"replies":[{"embeddable":true,"href":"https:\/\/www.notijalapa.net\/noticias\/wp-json\/wp\/v2\/comments?post=20523"}],"version-history":[{"count":2,"href":"https:\/\/www.notijalapa.net\/noticias\/wp-json\/wp\/v2\/posts\/20523\/revisions"}],"predecessor-version":[{"id":20532,"href":"https:\/\/www.notijalapa.net\/noticias\/wp-json\/wp\/v2\/posts\/20523\/revisions\/20532"}],"wp:featuredmedia":[{"embeddable":true,"href":"https:\/\/www.notijalapa.net\/noticias\/wp-json\/wp\/v2\/media\/20516"}],"wp:attachment":[{"href":"https:\/\/www.notijalapa.net\/noticias\/wp-json\/wp\/v2\/media?parent=20523"}],"wp:term":[{"taxonomy":"category","embeddable":true,"href":"https:\/\/www.notijalapa.net\/noticias\/wp-json\/wp\/v2\/categories?post=20523"},{"taxonomy":"post_tag","embeddable":true,"href":"https:\/\/www.notijalapa.net\/noticias\/wp-json\/wp\/v2\/tags?post=20523"}],"curies":[{"name":"wp","href":"https:\/\/api.w.org\/{rel}","templated":true}]}}