{"id":20423,"date":"2024-08-10T12:52:12","date_gmt":"2024-08-10T12:52:12","guid":{"rendered":"https:\/\/www.notijalapa.net\/noticias\/?p=20423"},"modified":"2024-08-10T13:07:54","modified_gmt":"2024-08-10T13:07:54","slug":"350-arboles-seran-sembrados-por-estudiantes-de-nivel-medio","status":"publish","type":"post","link":"https:\/\/www.notijalapa.net\/noticias\/2024\/08\/10\/350-arboles-seran-sembrados-por-estudiantes-de-nivel-medio\/","title":{"rendered":"350 \u00e1rboles ser\u00e1n sembrados por estudiantes de nivel medio"},"content":{"rendered":"<p>En una reuni\u00f3n con todos los directores del nivel medio, estuvieron hablando de todas las actividades del 15 de septiembre y uno de los puntos era la distribuci\u00f3n de los arbolitos que la Cooperativa El Recuerdo les dono para todo el nivel medio, seg\u00fan lo dio a conocer Marco Antonio Estrada Director del Instituto Experimental.<\/p>\n<p><a href=\"https:\/\/www.notijalapa.net\/noticias\/2024\/08\/10\/termino-la-sensibilizacion-los-agentes-de-pmt-empezaron-a-colocar-multas\/\">MIRA: Termin\u00f3 la sensibilizaci\u00f3n, los agentes de PMT empezaron a colocar multas<\/a><\/p>\n<p>Tienen diferentes especies y cada centro educativo se estuvo llevando 50 arbolitos, ellos tienen espacio en el instituto experimental para plantar lo que a ellos les corresponde, eso lo van a realizar el d\u00eda lunes 12 de agosto y cada establecimiento educativo deber\u00e1 buscar un terreno para que planten sus arbolitos y les den el mantenimiento respectivo.<\/p>\n<p><iframe loading=\"lazy\" title=\"350 \u00e1rboles ser\u00e1n sembrados por estudiantes de nivel medio\" width=\"640\" height=\"360\" src=\"https:\/\/www.youtube.com\/embed\/4MUGXK25juI?feature=oembed\" frameborder=\"0\" allow=\"accelerometer; autoplay; clipboard-write; encrypted-media; gyroscope; picture-in-picture; web-share\" referrerpolicy=\"strict-origin-when-cross-origin\" allowfullscreen><\/iframe><\/p>\n<p>Son todos los establecimientos de nivel medio sector oficial los que llegaron a recoger sus arbolitos, fueron un total de 9 centros educativos, es decir que fueron 350 arbolitos los que les regalaron de las especies de cedro, cipr\u00e9s, guayabos, pinos, entre otros.<\/p>\n<p style=\"text-align: center;\"><iframe loading=\"lazy\" style=\"border: none; overflow: hidden;\" src=\"https:\/\/www.facebook.com\/plugins\/post.php?href=https%3A%2F%2Fwww.facebook.com%2Fpermalink.php%3Fstory_fbid%3Dpfbid0i36TewauDMS3sz6jvewxeKxRJWc28hYJHgsDRJ9EtUVuwtBG8jGsDk3voZJKEBvzl%26id%3D100083158940816&amp;show_text=true&amp;width=500\" width=\"500\" height=\"506\" frameborder=\"0\" scrolling=\"no\" allowfullscreen=\"allowfullscreen\"><\/iframe><\/p>\n","protected":false},"excerpt":{"rendered":"<p>En una reuni\u00f3n con todos los directores del nivel medio, estuvieron hablando de todas las actividades del 15 de septiembre y uno de los puntos era la distribuci\u00f3n de los arbolitos que la Cooperativa El Recuerdo les dono para todo el nivel medio, seg\u00fan lo dio a conocer Marco Antonio Estrada Director del Instituto Experimental. MIRA: Termin\u00f3 la sensibilizaci\u00f3n, los agentes de PMT empezaron a colocar multas Tienen diferentes especies y cada centro educativo se estuvo llevando 50 arbolitos, ellos tienen espacio en el instituto experimental para plantar lo que&hellip;<\/p>\n","protected":false},"author":2,"featured_media":20413,"comment_status":"open","ping_status":"open","sticky":false,"template":"","format":"standard","meta":{"footnotes":""},"categories":[3],"tags":[7099,7100],"class_list":["post-20423","post","type-post","status-publish","format-standard","has-post-thumbnail","hentry","category-locales","tag-350-arboles-seran-sembrados","tag-por-estudiantes-de-nivel-medio"],"gutentor_comment":0,"_links":{"self":[{"href":"https:\/\/www.notijalapa.net\/noticias\/wp-json\/wp\/v2\/posts\/20423","targetHints":{"allow":["GET"]}}],"collection":[{"href":"https:\/\/www.notijalapa.net\/noticias\/wp-json\/wp\/v2\/posts"}],"about":[{"href":"https:\/\/www.notijalapa.net\/noticias\/wp-json\/wp\/v2\/types\/post"}],"author":[{"embeddable":true,"href":"https:\/\/www.notijalapa.net\/noticias\/wp-json\/wp\/v2\/users\/2"}],"replies":[{"embeddable":true,"href":"https:\/\/www.notijalapa.net\/noticias\/wp-json\/wp\/v2\/comments?post=20423"}],"version-history":[{"count":3,"href":"https:\/\/www.notijalapa.net\/noticias\/wp-json\/wp\/v2\/posts\/20423\/revisions"}],"predecessor-version":[{"id":20426,"href":"https:\/\/www.notijalapa.net\/noticias\/wp-json\/wp\/v2\/posts\/20423\/revisions\/20426"}],"wp:featuredmedia":[{"embeddable":true,"href":"https:\/\/www.notijalapa.net\/noticias\/wp-json\/wp\/v2\/media\/20413"}],"wp:attachment":[{"href":"https:\/\/www.notijalapa.net\/noticias\/wp-json\/wp\/v2\/media?parent=20423"}],"wp:term":[{"taxonomy":"category","embeddable":true,"href":"https:\/\/www.notijalapa.net\/noticias\/wp-json\/wp\/v2\/categories?post=20423"},{"taxonomy":"post_tag","embeddable":true,"href":"https:\/\/www.notijalapa.net\/noticias\/wp-json\/wp\/v2\/tags?post=20423"}],"curies":[{"name":"wp","href":"https:\/\/api.w.org\/{rel}","templated":true}]}}