{"id":20408,"date":"2024-08-10T12:49:12","date_gmt":"2024-08-10T12:49:12","guid":{"rendered":"https:\/\/www.notijalapa.net\/noticias\/?p=20408"},"modified":"2024-08-10T13:12:58","modified_gmt":"2024-08-10T13:12:58","slug":"termino-la-sensibilizacion-los-agentes-de-pmt-empezaron-a-colocar-multas","status":"publish","type":"post","link":"https:\/\/www.notijalapa.net\/noticias\/2024\/08\/10\/termino-la-sensibilizacion-los-agentes-de-pmt-empezaron-a-colocar-multas\/","title":{"rendered":"Termin\u00f3 la sensibilizaci\u00f3n, los agentes de PMT empezaron a colocar multas"},"content":{"rendered":"<p>Si se han estado poniendo multas a las personas que comente faltas en el tr\u00e1nsito, posiblemente no los han visto en operativos espec\u00edficamente enfocados en alguna situaci\u00f3n, pero si han estado colocando multas, seg\u00fan lo dio a conocer \u00c1ngel Mario Garc\u00eda director de la Polic\u00eda Municipal de Tr\u00e1nsito en Jalapa.<\/p>\n<p><a href=\"https:\/\/www.notijalapa.net\/noticias\/2024\/08\/10\/350-arboles-seran-sembrados-por-estudiantes-de-nivel-medio\/\">MIRA: 350 \u00e1rboles ser\u00e1n sembrados por estudiantes de nivel medio<\/a><\/p>\n<p>Si se encuentra a personas que van hablando por tel\u00e9fono mientras conducen o haciendo alguna maniobra indebida infringiendo la ley de tr\u00e1nsito est\u00e1n colocando la multa los agentes de tr\u00e1nsito.<\/p>\n<p><iframe loading=\"lazy\" title=\"Termin\u00f3 la sensibilizaci\u00f3n, los agentes de PMT empezaron a colocar multas\" width=\"640\" height=\"360\" src=\"https:\/\/www.youtube.com\/embed\/s9qOJjo9AR0?feature=oembed\" frameborder=\"0\" allow=\"accelerometer; autoplay; clipboard-write; encrypted-media; gyroscope; picture-in-picture; web-share\" referrerpolicy=\"strict-origin-when-cross-origin\" allowfullscreen><\/iframe><\/p>\n<p>En Jalapa existe una situaci\u00f3n muy complicada, los pilotos no respetan la se\u00f1alizaci\u00f3n precisamente la l\u00ednea roja, debemos tomar en cuenta que no hay parqueos suficientes en Jalapa, y por necesidad la gente deja sus veh\u00edculos en l\u00ednea roja, pero tambi\u00e9n debemos tomar encuentra que est\u00e1n dejando sus veh\u00edculos frente a portones o salidas de emergencias.<\/p>\n<p>Est\u00e1n colocando varias multas por sobrecarga de motocicletas, pero la consigna esta que en motocicletas no podr\u00edan ir m\u00e1s de dos personas, no est\u00e1n permitiendo la circulaci\u00f3n de m\u00e1s de dos personas en motocicletas.<\/p>\n<p>En casos espec\u00edficos se considera la necesidad que existe cuando llevan dos ni\u00f1os, pero se han encontrado con tres adultos, por lo tanto, se procede directamente con la sanci\u00f3n que corresponde.<\/p>\n<p style=\"text-align: center;\"><iframe loading=\"lazy\" style=\"border: none; overflow: hidden;\" src=\"https:\/\/www.facebook.com\/plugins\/post.php?href=https%3A%2F%2Fwww.facebook.com%2Fpermalink.php%3Fstory_fbid%3Dpfbid0pb34znfjAxykNHzF3NQhRo6g8bm9MN9W5MpJ7EJHmWPMWR7VRaASJSdwVPrDjcBol%26id%3D100083158940816&amp;show_text=true&amp;width=500\" width=\"500\" height=\"774\" frameborder=\"0\" scrolling=\"no\" allowfullscreen=\"allowfullscreen\"><\/iframe><\/p>\n","protected":false},"excerpt":{"rendered":"<p>Si se han estado poniendo multas a las personas que comente faltas en el tr\u00e1nsito, posiblemente no los han visto en operativos espec\u00edficamente enfocados en alguna situaci\u00f3n, pero si han estado colocando multas, seg\u00fan lo dio a conocer \u00c1ngel Mario Garc\u00eda director de la Polic\u00eda Municipal de Tr\u00e1nsito en Jalapa. MIRA: 350 \u00e1rboles ser\u00e1n sembrados por estudiantes de nivel medio Si se encuentra a personas que van hablando por tel\u00e9fono mientras conducen o haciendo alguna maniobra indebida infringiendo la ley de tr\u00e1nsito est\u00e1n colocando la multa los agentes de tr\u00e1nsito.&hellip;<\/p>\n","protected":false},"author":2,"featured_media":20409,"comment_status":"open","ping_status":"open","sticky":false,"template":"","format":"standard","meta":{"footnotes":""},"categories":[3],"tags":[7090,7089,7088],"class_list":["post-20408","post","type-post","status-publish","format-standard","has-post-thumbnail","hentry","category-locales","tag-de-pmt-empezaron-a-colocar-multas","tag-los-agentes","tag-termino-la-sensibilizacion"],"gutentor_comment":0,"_links":{"self":[{"href":"https:\/\/www.notijalapa.net\/noticias\/wp-json\/wp\/v2\/posts\/20408","targetHints":{"allow":["GET"]}}],"collection":[{"href":"https:\/\/www.notijalapa.net\/noticias\/wp-json\/wp\/v2\/posts"}],"about":[{"href":"https:\/\/www.notijalapa.net\/noticias\/wp-json\/wp\/v2\/types\/post"}],"author":[{"embeddable":true,"href":"https:\/\/www.notijalapa.net\/noticias\/wp-json\/wp\/v2\/users\/2"}],"replies":[{"embeddable":true,"href":"https:\/\/www.notijalapa.net\/noticias\/wp-json\/wp\/v2\/comments?post=20408"}],"version-history":[{"count":2,"href":"https:\/\/www.notijalapa.net\/noticias\/wp-json\/wp\/v2\/posts\/20408\/revisions"}],"predecessor-version":[{"id":20431,"href":"https:\/\/www.notijalapa.net\/noticias\/wp-json\/wp\/v2\/posts\/20408\/revisions\/20431"}],"wp:featuredmedia":[{"embeddable":true,"href":"https:\/\/www.notijalapa.net\/noticias\/wp-json\/wp\/v2\/media\/20409"}],"wp:attachment":[{"href":"https:\/\/www.notijalapa.net\/noticias\/wp-json\/wp\/v2\/media?parent=20408"}],"wp:term":[{"taxonomy":"category","embeddable":true,"href":"https:\/\/www.notijalapa.net\/noticias\/wp-json\/wp\/v2\/categories?post=20408"},{"taxonomy":"post_tag","embeddable":true,"href":"https:\/\/www.notijalapa.net\/noticias\/wp-json\/wp\/v2\/tags?post=20408"}],"curies":[{"name":"wp","href":"https:\/\/api.w.org\/{rel}","templated":true}]}}