{"id":20226,"date":"2024-07-31T11:00:08","date_gmt":"2024-07-31T11:00:08","guid":{"rendered":"https:\/\/www.notijalapa.net\/noticias\/?p=20226"},"modified":"2024-07-31T11:11:07","modified_gmt":"2024-07-31T11:11:07","slug":"tenemos-un-gobierno-con-represarias","status":"publish","type":"post","link":"https:\/\/www.notijalapa.net\/noticias\/2024\/07\/31\/tenemos-un-gobierno-con-represarias\/","title":{"rendered":"Tenemos un gobierno con represar\u00edas"},"content":{"rendered":"<p>El d\u00eda jueves tuvieron una asamblea a nivel nacional, para ver la coyuntura y la situaci\u00f3n que estamos viviendo con este gobierno, que el presidente dice una cosa, pero los ministros y viceministros hacen otra cosa, seg\u00fan lo dio a conocer Am\u00edlcar Alay secretario general del Sindicado Frente Nacional de Lucha.<\/p>\n<p><a href=\"https:\/\/www.notijalapa.net\/noticias\/2024\/07\/31\/clima-calido-para-esta-semana\/\">MIRA: Clima c\u00e1lido para esta semana<\/a><\/p>\n<p>En el ministerio hay una estructura de gobiernos anteriores que siempre quieren estar all\u00ed haciendo la corrupci\u00f3n no dejando trabajar a los ministros y quieren que se acoplen a la voluntad de ellos para seguir rob\u00e1ndole al ministerio.<\/p>\n<p><iframe loading=\"lazy\" title=\"Tenemos un gobierno con represar\u00edas\" width=\"640\" height=\"360\" src=\"https:\/\/www.youtube.com\/embed\/QfVuMrGfLvc?feature=oembed\" frameborder=\"0\" allow=\"accelerometer; autoplay; clipboard-write; encrypted-media; gyroscope; picture-in-picture; web-share\" referrerpolicy=\"strict-origin-when-cross-origin\" allowfullscreen><\/iframe><\/p>\n<p>Mientras exista esa coyuntura, esa estructura que hay en el ministerio de gobiernos anteriores la salud no va a prosperar, al contrario, viene para abajo y los presupuestos que hay para compra de insumos, equipo, medicamento son limitados y a trav\u00e9s del sindicato han exigido eso, han denunciado a directores de \u00e1rea de corrupci\u00f3n y en vez de tomar medidas los ministros, est\u00e1n atacando a los dirigentes sindicales.<\/p>\n<p>La semana pasada el director del Quich\u00e9 especialmente del \u00e1rea destituyo a una dirigente por denunciar la corrupci\u00f3n y estando suspendida por el IGSS, por lo tanto, las leyes en Guatemala \u00fanicamente favorecen a la gente corrupta no vienen a favorecer a la gente que realmente trabaja.<\/p>\n<p>\u201cLamentablemente tenemos un gobierno democr\u00e1tico, pero es un gobierno represar\u00edo, que tiene persecuci\u00f3n hacia los dirigentes sind\u00edcales\u201d, tambi\u00e9n a los campesinos los han desalojado, no entienden por qu\u00e9 esta persona que es hijo de Ar\u00e9valo era distinta y hoy estamos viviendo otra situaci\u00f3n muy contraria.<\/p>\n<p style=\"text-align: center;\"><iframe loading=\"lazy\" style=\"border: none; overflow: hidden;\" src=\"https:\/\/www.facebook.com\/plugins\/post.php?href=https%3A%2F%2Fwww.facebook.com%2Fpermalink.php%3Fstory_fbid%3Dpfbid02v7zrw9ctJcnvXx66c2FNoP16CEa9DtyffmXdSGfcd8URVBgNMQqJr3G726gayUx8l%26id%3D100083158940816&amp;show_text=true&amp;width=500\" width=\"500\" height=\"525\" frameborder=\"0\" scrolling=\"no\" allowfullscreen=\"allowfullscreen\"><\/iframe><\/p>\n","protected":false},"excerpt":{"rendered":"<p>El d\u00eda jueves tuvieron una asamblea a nivel nacional, para ver la coyuntura y la situaci\u00f3n que estamos viviendo con este gobierno, que el presidente dice una cosa, pero los ministros y viceministros hacen otra cosa, seg\u00fan lo dio a conocer Am\u00edlcar Alay secretario general del Sindicado Frente Nacional de Lucha. MIRA: Clima c\u00e1lido para esta semana En el ministerio hay una estructura de gobiernos anteriores que siempre quieren estar all\u00ed haciendo la corrupci\u00f3n no dejando trabajar a los ministros y quieren que se acoplen a la voluntad de ellos&hellip;<\/p>\n","protected":false},"author":2,"featured_media":20216,"comment_status":"open","ping_status":"open","sticky":false,"template":"","format":"standard","meta":{"footnotes":""},"categories":[3],"tags":[7016,7015],"class_list":["post-20226","post","type-post","status-publish","format-standard","has-post-thumbnail","hentry","category-locales","tag-con-represarias","tag-tenemos-un-gobierno"],"gutentor_comment":0,"_links":{"self":[{"href":"https:\/\/www.notijalapa.net\/noticias\/wp-json\/wp\/v2\/posts\/20226","targetHints":{"allow":["GET"]}}],"collection":[{"href":"https:\/\/www.notijalapa.net\/noticias\/wp-json\/wp\/v2\/posts"}],"about":[{"href":"https:\/\/www.notijalapa.net\/noticias\/wp-json\/wp\/v2\/types\/post"}],"author":[{"embeddable":true,"href":"https:\/\/www.notijalapa.net\/noticias\/wp-json\/wp\/v2\/users\/2"}],"replies":[{"embeddable":true,"href":"https:\/\/www.notijalapa.net\/noticias\/wp-json\/wp\/v2\/comments?post=20226"}],"version-history":[{"count":3,"href":"https:\/\/www.notijalapa.net\/noticias\/wp-json\/wp\/v2\/posts\/20226\/revisions"}],"predecessor-version":[{"id":20229,"href":"https:\/\/www.notijalapa.net\/noticias\/wp-json\/wp\/v2\/posts\/20226\/revisions\/20229"}],"wp:featuredmedia":[{"embeddable":true,"href":"https:\/\/www.notijalapa.net\/noticias\/wp-json\/wp\/v2\/media\/20216"}],"wp:attachment":[{"href":"https:\/\/www.notijalapa.net\/noticias\/wp-json\/wp\/v2\/media?parent=20226"}],"wp:term":[{"taxonomy":"category","embeddable":true,"href":"https:\/\/www.notijalapa.net\/noticias\/wp-json\/wp\/v2\/categories?post=20226"},{"taxonomy":"post_tag","embeddable":true,"href":"https:\/\/www.notijalapa.net\/noticias\/wp-json\/wp\/v2\/tags?post=20226"}],"curies":[{"name":"wp","href":"https:\/\/api.w.org\/{rel}","templated":true}]}}