{"id":20018,"date":"2024-07-19T11:01:27","date_gmt":"2024-07-19T11:01:27","guid":{"rendered":"https:\/\/www.notijalapa.net\/noticias\/?p=20018"},"modified":"2024-07-19T11:14:21","modified_gmt":"2024-07-19T11:14:21","slug":"continuan-la-asistencia-de-personas-a-la-escuela-para-padres","status":"publish","type":"post","link":"https:\/\/www.notijalapa.net\/noticias\/2024\/07\/19\/continuan-la-asistencia-de-personas-a-la-escuela-para-padres\/","title":{"rendered":"Contin\u00faan la asistencia de personas a la escuela para padres"},"content":{"rendered":"<p>Siempre est\u00e1n trabajando con la escuela para padres, la cual pertenece a la red de paternidad y maternidad responsable que ellos como centro de salud coordinan, con el objetivo de ayudar a los padres de familia a tener una buena comunicaci\u00f3n con sus hijos, seg\u00fan lo manifest\u00f3 Karla Ortega encargada de Espacios Amigables del \u00c1rea de Salud.<\/p>\n<p><a href=\"https:\/\/www.notijalapa.net\/noticias\/2024\/07\/19\/mas-de-cincuenta-bomberos-finalizaran-el-curso-de-capellania\/\">MIRA: M\u00e1s de cincuenta bomberos finalizar\u00e1n el curso de capellan\u00eda<\/a><\/p>\n<p>A esta escuela asisten varios padres que son referidos por alg\u00fan juzgado, incluso hasta han recibido padres que vienen referidos de la PGN y de otras instituciones, son padres que tienen a hijos en conflicto con la ley penal.<\/p>\n<p><iframe loading=\"lazy\" title=\"Contin\u00faan la asistencia de personas a la escuela para padres\" width=\"640\" height=\"360\" src=\"https:\/\/www.youtube.com\/embed\/sLOx2HEZuqM?feature=oembed\" frameborder=\"0\" allow=\"accelerometer; autoplay; clipboard-write; encrypted-media; gyroscope; picture-in-picture; web-share\" referrerpolicy=\"strict-origin-when-cross-origin\" allowfullscreen><\/iframe><\/p>\n<p>Cabe mencionar que, tambi\u00e9n hay padres de familia que se han enterado de esta escuela y que asisten a las sesiones educativas, interesados en aprender y conocer m\u00e1s sobre lo que ellos trabajan.<\/p>\n<p>Recordemos que, las escuelas para padres no son porque somos malos padres de familia, sino que sirve para conocer los temas de como hablar con nuestros hijos diferentes cosas, por lo tanto, es importante acudir a los servicios de salud y tambi\u00e9n a las escuelas para padres para tener una orientaci\u00f3n de como hablar con nuestros hijos de temas de adolescencia y la ni\u00f1ez.<\/p>\n<p style=\"text-align: center;\"><iframe loading=\"lazy\" style=\"border: none; overflow: hidden;\" src=\"https:\/\/www.facebook.com\/plugins\/post.php?href=https%3A%2F%2Fwww.facebook.com%2Fpermalink.php%3Fstory_fbid%3Dpfbid02gDFqCHA71CxPuX35iZCgKWVwE5WKan6hgBUBLLrdyvXEgdod2DdYBwe3igShGQrcl%26id%3D100083158940816&amp;show_text=true&amp;width=500\" width=\"500\" height=\"506\" frameborder=\"0\" scrolling=\"no\" allowfullscreen=\"allowfullscreen\"><\/iframe><\/p>\n","protected":false},"excerpt":{"rendered":"<p>Siempre est\u00e1n trabajando con la escuela para padres, la cual pertenece a la red de paternidad y maternidad responsable que ellos como centro de salud coordinan, con el objetivo de ayudar a los padres de familia a tener una buena comunicaci\u00f3n con sus hijos, seg\u00fan lo manifest\u00f3 Karla Ortega encargada de Espacios Amigables del \u00c1rea de Salud. MIRA: M\u00e1s de cincuenta bomberos finalizar\u00e1n el curso de capellan\u00eda A esta escuela asisten varios padres que son referidos por alg\u00fan juzgado, incluso hasta han recibido padres que vienen referidos de la PGN&hellip;<\/p>\n","protected":false},"author":2,"featured_media":20009,"comment_status":"open","ping_status":"open","sticky":false,"template":"","format":"standard","meta":{"footnotes":""},"categories":[3],"tags":[6924,6923],"class_list":["post-20018","post","type-post","status-publish","format-standard","has-post-thumbnail","hentry","category-locales","tag-a-la-escuela-para-padres","tag-continuan-la-asistencia-de-personas"],"gutentor_comment":0,"_links":{"self":[{"href":"https:\/\/www.notijalapa.net\/noticias\/wp-json\/wp\/v2\/posts\/20018","targetHints":{"allow":["GET"]}}],"collection":[{"href":"https:\/\/www.notijalapa.net\/noticias\/wp-json\/wp\/v2\/posts"}],"about":[{"href":"https:\/\/www.notijalapa.net\/noticias\/wp-json\/wp\/v2\/types\/post"}],"author":[{"embeddable":true,"href":"https:\/\/www.notijalapa.net\/noticias\/wp-json\/wp\/v2\/users\/2"}],"replies":[{"embeddable":true,"href":"https:\/\/www.notijalapa.net\/noticias\/wp-json\/wp\/v2\/comments?post=20018"}],"version-history":[{"count":2,"href":"https:\/\/www.notijalapa.net\/noticias\/wp-json\/wp\/v2\/posts\/20018\/revisions"}],"predecessor-version":[{"id":20027,"href":"https:\/\/www.notijalapa.net\/noticias\/wp-json\/wp\/v2\/posts\/20018\/revisions\/20027"}],"wp:featuredmedia":[{"embeddable":true,"href":"https:\/\/www.notijalapa.net\/noticias\/wp-json\/wp\/v2\/media\/20009"}],"wp:attachment":[{"href":"https:\/\/www.notijalapa.net\/noticias\/wp-json\/wp\/v2\/media?parent=20018"}],"wp:term":[{"taxonomy":"category","embeddable":true,"href":"https:\/\/www.notijalapa.net\/noticias\/wp-json\/wp\/v2\/categories?post=20018"},{"taxonomy":"post_tag","embeddable":true,"href":"https:\/\/www.notijalapa.net\/noticias\/wp-json\/wp\/v2\/tags?post=20018"}],"curies":[{"name":"wp","href":"https:\/\/api.w.org\/{rel}","templated":true}]}}