{"id":20014,"date":"2024-07-19T11:00:24","date_gmt":"2024-07-19T11:00:24","guid":{"rendered":"https:\/\/www.notijalapa.net\/noticias\/?p=20014"},"modified":"2024-07-19T11:16:06","modified_gmt":"2024-07-19T11:16:06","slug":"en-noviembre-y-diciembre-estaran-estructurando-a-sociedad-civil","status":"publish","type":"post","link":"https:\/\/www.notijalapa.net\/noticias\/2024\/07\/19\/en-noviembre-y-diciembre-estaran-estructurando-a-sociedad-civil\/","title":{"rendered":"En noviembre y diciembre estar\u00e1n estructurando a sociedad civil"},"content":{"rendered":"<p>En los meses de noviembre y diciembre de este a\u00f1o se estar\u00e1 haciendo la convocatoria para estructurar el tema de la representatividad de sociedad civil ante el CODEDE y desde ya hay gente que pregunta como se elige a la sociedad civil, por lo que ahora es el momento en el pueden preguntar como se hace el proceso para elegir a un representante de mujeres, uno del sector campesino, uno de las ONGS, uno de CACIF, uno de los sindicatos, entre otros, seg\u00fan lo manifest\u00f3 el Lic. Jairo Rodr\u00edguez delegado de SEGEPLAN.<\/p>\n<p><a href=\"https:\/\/www.notijalapa.net\/noticias\/2024\/07\/19\/realizan-reunion-mensual-de-codede\/\">MIRA: Realizan reuni\u00f3n mensual de CODEDE<\/a><\/p>\n<p>Hay bastantes espacios en donde muchos que tienen inter\u00e9s pueden participar solamente tienen que empaparse como es el proceso. En el caso de las universidades privadas, es entre ellos quienes eligen al representante o hay una rector\u00eda en donde todos los rectores a nivel nacional se ponen de acuerdo y deciden quienes ser\u00e1n los representantes.<\/p>\n<p><iframe loading=\"lazy\" title=\"En noviembre y diciembre estar\u00e1n estructurando a sociedad civil\" width=\"640\" height=\"360\" src=\"https:\/\/www.youtube.com\/embed\/wo_nI2KcU4s?feature=oembed\" frameborder=\"0\" allow=\"accelerometer; autoplay; clipboard-write; encrypted-media; gyroscope; picture-in-picture; web-share\" referrerpolicy=\"strict-origin-when-cross-origin\" allowfullscreen><\/iframe><\/p>\n<p>En el CACIF es igual, solo que tienen el problema que a lazar eligen al representante, sin embargo; las ONGS, Cooperativas, Campesinos y Mujeres, la elecci\u00f3n es democr\u00e1tica en donde eligen abiertamente a quien quiera participar.<\/p>\n<p style=\"text-align: center;\"><iframe loading=\"lazy\" style=\"border: none; overflow: hidden;\" src=\"https:\/\/www.facebook.com\/plugins\/post.php?href=https%3A%2F%2Fwww.facebook.com%2Fpermalink.php%3Fstory_fbid%3Dpfbid02nTHfC86zYzbdVxp2U25bGfDrovDG9QXmkbhKfcCYz7AbvXjaipguTDz9XG6RpXuel%26id%3D100083158940816&amp;show_text=true&amp;width=500\" width=\"500\" height=\"793\" frameborder=\"0\" scrolling=\"no\" allowfullscreen=\"allowfullscreen\"><\/iframe><\/p>\n","protected":false},"excerpt":{"rendered":"<p>En los meses de noviembre y diciembre de este a\u00f1o se estar\u00e1 haciendo la convocatoria para estructurar el tema de la representatividad de sociedad civil ante el CODEDE y desde ya hay gente que pregunta como se elige a la sociedad civil, por lo que ahora es el momento en el pueden preguntar como se hace el proceso para elegir a un representante de mujeres, uno del sector campesino, uno de las ONGS, uno de CACIF, uno de los sindicatos, entre otros, seg\u00fan lo manifest\u00f3 el Lic. Jairo Rodr\u00edguez delegado&hellip;<\/p>\n","protected":false},"author":2,"featured_media":20010,"comment_status":"open","ping_status":"open","sticky":false,"template":"","format":"standard","meta":{"footnotes":""},"categories":[3],"tags":[6919,6920],"class_list":["post-20014","post","type-post","status-publish","format-standard","has-post-thumbnail","hentry","category-locales","tag-en-noviembre-y-diciembre-estaran","tag-estructurando-a-sociedad-civil"],"gutentor_comment":0,"_links":{"self":[{"href":"https:\/\/www.notijalapa.net\/noticias\/wp-json\/wp\/v2\/posts\/20014","targetHints":{"allow":["GET"]}}],"collection":[{"href":"https:\/\/www.notijalapa.net\/noticias\/wp-json\/wp\/v2\/posts"}],"about":[{"href":"https:\/\/www.notijalapa.net\/noticias\/wp-json\/wp\/v2\/types\/post"}],"author":[{"embeddable":true,"href":"https:\/\/www.notijalapa.net\/noticias\/wp-json\/wp\/v2\/users\/2"}],"replies":[{"embeddable":true,"href":"https:\/\/www.notijalapa.net\/noticias\/wp-json\/wp\/v2\/comments?post=20014"}],"version-history":[{"count":2,"href":"https:\/\/www.notijalapa.net\/noticias\/wp-json\/wp\/v2\/posts\/20014\/revisions"}],"predecessor-version":[{"id":20029,"href":"https:\/\/www.notijalapa.net\/noticias\/wp-json\/wp\/v2\/posts\/20014\/revisions\/20029"}],"wp:featuredmedia":[{"embeddable":true,"href":"https:\/\/www.notijalapa.net\/noticias\/wp-json\/wp\/v2\/media\/20010"}],"wp:attachment":[{"href":"https:\/\/www.notijalapa.net\/noticias\/wp-json\/wp\/v2\/media?parent=20014"}],"wp:term":[{"taxonomy":"category","embeddable":true,"href":"https:\/\/www.notijalapa.net\/noticias\/wp-json\/wp\/v2\/categories?post=20014"},{"taxonomy":"post_tag","embeddable":true,"href":"https:\/\/www.notijalapa.net\/noticias\/wp-json\/wp\/v2\/tags?post=20014"}],"curies":[{"name":"wp","href":"https:\/\/api.w.org\/{rel}","templated":true}]}}