{"id":19975,"date":"2024-07-17T10:58:27","date_gmt":"2024-07-17T10:58:27","guid":{"rendered":"https:\/\/www.notijalapa.net\/noticias\/?p=19975"},"modified":"2024-07-17T11:10:45","modified_gmt":"2024-07-17T11:10:45","slug":"con-el-respaldo-del-gobierno-podrian-detener-la-tala-de-arboles","status":"publish","type":"post","link":"https:\/\/www.notijalapa.net\/noticias\/2024\/07\/17\/con-el-respaldo-del-gobierno-podrian-detener-la-tala-de-arboles\/","title":{"rendered":"Con el respaldo del gobierno podr\u00edan detener la tala de \u00e1rboles"},"content":{"rendered":"<p>Este martes, tuvieron la segunda mesa de trabajo que hacen con la representaci\u00f3n de varias instituciones, esta vez fue en le municipio de San Pedro Pinula, en el balneario Los Chorros, para darle continuidad a este tema que est\u00e1 afectando a los jalapanecos, seg\u00fan lo manifest\u00f3 Roberto Ram\u00edrez Guerra alcalde municipal de dicho municipio.<\/p>\n<p><a href=\"https:\/\/www.notijalapa.net\/noticias\/2024\/07\/17\/con-actividades-educativas-promueven-los-derechos-humanos-en-monjas\/\">MIRA: Con actividades educativas promueven los derechos humanos en Monjas<\/a><\/p>\n<p>En dicha mesa de trabajo convocaron a la Dra. Alida Arana quien es la comisionada presidencial para asuntos municipales, \u00e9l en conjunto con su Concejo Municipal, el jefe de DIPRONA, INAB, representantes de las comunidades de Santa Mar\u00eda Xalapan y Ladinos Pardos, y de otras instituciones.<\/p>\n<p><iframe loading=\"lazy\" title=\"Con el respaldo del gobierno podr\u00edan detener la tala de \u00e1rboles\" width=\"640\" height=\"360\" src=\"https:\/\/www.youtube.com\/embed\/0K09WFxJ2oU?feature=oembed\" frameborder=\"0\" allow=\"accelerometer; autoplay; clipboard-write; encrypted-media; gyroscope; picture-in-picture; web-share\" referrerpolicy=\"strict-origin-when-cross-origin\" allowfullscreen><\/iframe><\/p>\n<p>Tambi\u00e9n invitaron a la Gobernadora Departamental, alcaldes de los dem\u00e1s municipios, aunque no llegaron ya que ten\u00edan programado el CODEDE para este mismo d\u00eda. Ellos como concejo municipal son la primera Municipalidad que aprobaron un acuerdo en donde quieren que por los pr\u00f3ximos 10 a\u00f1os se pueda crear una ley en la que no exista la tala inmoderada de \u00e1rboles.<\/p>\n<p>As\u00ed mismo, invitaron al presidente de la comisi\u00f3n de medio ambiente del Congreso, para que sirva de ejemplo para los dem\u00e1s alcaldes y tomen en consideraci\u00f3n que la tala de los \u00e1rboles est\u00e1 afectando a toda la poblaci\u00f3n, no solo en el municipio de San Pedro Pinula, sino que en todo Jalapa.<\/p>\n<p>Ellos no quieren m\u00e1s deforestaci\u00f3n y m\u00e1s si son con permisos de las instituciones, por lo que piden a INAB que no sigan dando permisos para la tala de \u00e1rboles y m\u00e1s si son a personas que no son los due\u00f1os de los terrenos, ya que estas personas solo con un documento jur\u00eddico solicitan esta licencia sin ser ellos los due\u00f1os de los terrenos en los que talan los \u00e1rboles.<\/p>\n<p>Ellos ya presentaron a la comisi\u00f3n de medio ambiente la prohibici\u00f3n de corte de \u00e1rboles en este municipio y esta reuni\u00f3n tambi\u00e9n la hicieron con el fin de que las dem\u00e1s municipalidades tomen conciencia del da\u00f1o que le est\u00e1n haciendo al departamento.<\/p>\n<p style=\"text-align: center;\"><iframe loading=\"lazy\" style=\"border: none; overflow: hidden;\" src=\"https:\/\/www.facebook.com\/plugins\/post.php?href=https%3A%2F%2Fwww.facebook.com%2Fpermalink.php%3Fstory_fbid%3Dpfbid02EKj2i6PTLQrDLP5vEspNECjM8XDnt9KMAxmgtWZUhjTdafZtn1iB7EFKagwcigwTl%26id%3D100083158940816&amp;show_text=true&amp;width=500\" width=\"500\" height=\"525\" frameborder=\"0\" scrolling=\"no\" allowfullscreen=\"allowfullscreen\"><\/iframe><\/p>\n","protected":false},"excerpt":{"rendered":"<p>Este martes, tuvieron la segunda mesa de trabajo que hacen con la representaci\u00f3n de varias instituciones, esta vez fue en le municipio de San Pedro Pinula, en el balneario Los Chorros, para darle continuidad a este tema que est\u00e1 afectando a los jalapanecos, seg\u00fan lo manifest\u00f3 Roberto Ram\u00edrez Guerra alcalde municipal de dicho municipio. MIRA: Con actividades educativas promueven los derechos humanos en Monjas En dicha mesa de trabajo convocaron a la Dra. Alida Arana quien es la comisionada presidencial para asuntos municipales, \u00e9l en conjunto con su Concejo Municipal,&hellip;<\/p>\n","protected":false},"author":2,"featured_media":19965,"comment_status":"open","ping_status":"open","sticky":false,"template":"","format":"standard","meta":{"footnotes":""},"categories":[3],"tags":[6903,6904],"class_list":["post-19975","post","type-post","status-publish","format-standard","has-post-thumbnail","hentry","category-locales","tag-con-el-respaldo-del-gobierno","tag-podrian-detener-la-tala-de-arboles"],"gutentor_comment":0,"_links":{"self":[{"href":"https:\/\/www.notijalapa.net\/noticias\/wp-json\/wp\/v2\/posts\/19975","targetHints":{"allow":["GET"]}}],"collection":[{"href":"https:\/\/www.notijalapa.net\/noticias\/wp-json\/wp\/v2\/posts"}],"about":[{"href":"https:\/\/www.notijalapa.net\/noticias\/wp-json\/wp\/v2\/types\/post"}],"author":[{"embeddable":true,"href":"https:\/\/www.notijalapa.net\/noticias\/wp-json\/wp\/v2\/users\/2"}],"replies":[{"embeddable":true,"href":"https:\/\/www.notijalapa.net\/noticias\/wp-json\/wp\/v2\/comments?post=19975"}],"version-history":[{"count":3,"href":"https:\/\/www.notijalapa.net\/noticias\/wp-json\/wp\/v2\/posts\/19975\/revisions"}],"predecessor-version":[{"id":19978,"href":"https:\/\/www.notijalapa.net\/noticias\/wp-json\/wp\/v2\/posts\/19975\/revisions\/19978"}],"wp:featuredmedia":[{"embeddable":true,"href":"https:\/\/www.notijalapa.net\/noticias\/wp-json\/wp\/v2\/media\/19965"}],"wp:attachment":[{"href":"https:\/\/www.notijalapa.net\/noticias\/wp-json\/wp\/v2\/media?parent=19975"}],"wp:term":[{"taxonomy":"category","embeddable":true,"href":"https:\/\/www.notijalapa.net\/noticias\/wp-json\/wp\/v2\/categories?post=19975"},{"taxonomy":"post_tag","embeddable":true,"href":"https:\/\/www.notijalapa.net\/noticias\/wp-json\/wp\/v2\/tags?post=19975"}],"curies":[{"name":"wp","href":"https:\/\/api.w.org\/{rel}","templated":true}]}}