{"id":19959,"date":"2024-07-17T10:55:51","date_gmt":"2024-07-17T10:55:51","guid":{"rendered":"https:\/\/www.notijalapa.net\/noticias\/?p=19959"},"modified":"2024-07-17T11:15:04","modified_gmt":"2024-07-17T11:15:04","slug":"con-actividades-educativas-promueven-los-derechos-humanos-en-monjas","status":"publish","type":"post","link":"https:\/\/www.notijalapa.net\/noticias\/2024\/07\/17\/con-actividades-educativas-promueven-los-derechos-humanos-en-monjas\/","title":{"rendered":"Con actividades educativas promueven los derechos humanos en Monjas"},"content":{"rendered":"<p>En el municipio de Monjas se encuentran desarrollando actividades educativas, son programas institucionales, entre ellos desarrollaron el programa expresi\u00f3n de los derechos, seg\u00fan lo dio a conocer la Licda. Cecilia Isabel Aguirre Auxiliar del Procurador de los Derechos Humanos.<\/p>\n<p>Estuvieron impartiendo los temas a estudiantes de establecimientos de educaci\u00f3n b\u00e1sica nacional de nivel b\u00e1sico y diversificado, con el objetivo de promocionar derechos humanos y sobre todo instalar capacidades en los j\u00f3venes del municipio de Monjas para que, a trav\u00e9s del arte, oratoria, canto y murales educativos expresen sus derechos.<\/p>\n<p><a href=\"https:\/\/www.notijalapa.net\/noticias\/2024\/07\/17\/con-el-respaldo-del-gobierno-podrian-detener-la-tala-de-arboles\/\">MIRA: Con el respaldo del gobierno podr\u00edan detener la tala de \u00e1rboles<\/a><\/p>\n<p>Esta expresi\u00f3n en materia de derechos humanos es sumamente importante por la vinculaci\u00f3n que tienen en los procesos de formaci\u00f3n y de esta manera instalar capacidades de conocimiento en materia de derechos humanos, porque la defensa de los derechos empieza conociendo los mismos.<\/p>\n<p><iframe loading=\"lazy\" title=\"Con actividades educativas promueven los derechos humanos en Monjas\" width=\"640\" height=\"360\" src=\"https:\/\/www.youtube.com\/embed\/Mj8cp6zChWo?feature=oembed\" frameborder=\"0\" allow=\"accelerometer; autoplay; clipboard-write; encrypted-media; gyroscope; picture-in-picture; web-share\" referrerpolicy=\"strict-origin-when-cross-origin\" allowfullscreen><\/iframe><\/p>\n<p>Estas actividades las est\u00e1n desarrollando en conjunto con el ministerio de educaci\u00f3n y que esperan sean muy productivos para el municipio de Monjas y que a trav\u00e9s de los conocimientos que se han instalado en los j\u00f3venes sean entes multiplicadores de este conocimiento.<\/p>\n<p style=\"text-align: center;\"><iframe loading=\"lazy\" style=\"border: none; overflow: hidden;\" src=\"https:\/\/www.facebook.com\/plugins\/post.php?href=https%3A%2F%2Fwww.facebook.com%2Fpermalink.php%3Fstory_fbid%3Dpfbid0k2BuD2c8rFMGBRexqKYTtwjfSSt4PqX11a5kkac6YrkFLzrtinRjRKThU7QmbaWTl%26id%3D100083158940816&amp;show_text=true&amp;width=500\" width=\"500\" height=\"774\" frameborder=\"0\" scrolling=\"no\" allowfullscreen=\"allowfullscreen\"><\/iframe><\/p>\n","protected":false},"excerpt":{"rendered":"<p>En el municipio de Monjas se encuentran desarrollando actividades educativas, son programas institucionales, entre ellos desarrollaron el programa expresi\u00f3n de los derechos, seg\u00fan lo dio a conocer la Licda. Cecilia Isabel Aguirre Auxiliar del Procurador de los Derechos Humanos. Estuvieron impartiendo los temas a estudiantes de establecimientos de educaci\u00f3n b\u00e1sica nacional de nivel b\u00e1sico y diversificado, con el objetivo de promocionar derechos humanos y sobre todo instalar capacidades en los j\u00f3venes del municipio de Monjas para que, a trav\u00e9s del arte, oratoria, canto y murales educativos expresen sus derechos. MIRA:&hellip;<\/p>\n","protected":false},"author":2,"featured_media":19960,"comment_status":"open","ping_status":"open","sticky":false,"template":"","format":"standard","meta":{"footnotes":""},"categories":[3],"tags":[6893,6894],"class_list":["post-19959","post","type-post","status-publish","format-standard","has-post-thumbnail","hentry","category-locales","tag-con-actividades-educativas-promueven","tag-los-derechos-humanos-en-monjas"],"gutentor_comment":0,"_links":{"self":[{"href":"https:\/\/www.notijalapa.net\/noticias\/wp-json\/wp\/v2\/posts\/19959","targetHints":{"allow":["GET"]}}],"collection":[{"href":"https:\/\/www.notijalapa.net\/noticias\/wp-json\/wp\/v2\/posts"}],"about":[{"href":"https:\/\/www.notijalapa.net\/noticias\/wp-json\/wp\/v2\/types\/post"}],"author":[{"embeddable":true,"href":"https:\/\/www.notijalapa.net\/noticias\/wp-json\/wp\/v2\/users\/2"}],"replies":[{"embeddable":true,"href":"https:\/\/www.notijalapa.net\/noticias\/wp-json\/wp\/v2\/comments?post=19959"}],"version-history":[{"count":2,"href":"https:\/\/www.notijalapa.net\/noticias\/wp-json\/wp\/v2\/posts\/19959\/revisions"}],"predecessor-version":[{"id":19983,"href":"https:\/\/www.notijalapa.net\/noticias\/wp-json\/wp\/v2\/posts\/19959\/revisions\/19983"}],"wp:featuredmedia":[{"embeddable":true,"href":"https:\/\/www.notijalapa.net\/noticias\/wp-json\/wp\/v2\/media\/19960"}],"wp:attachment":[{"href":"https:\/\/www.notijalapa.net\/noticias\/wp-json\/wp\/v2\/media?parent=19959"}],"wp:term":[{"taxonomy":"category","embeddable":true,"href":"https:\/\/www.notijalapa.net\/noticias\/wp-json\/wp\/v2\/categories?post=19959"},{"taxonomy":"post_tag","embeddable":true,"href":"https:\/\/www.notijalapa.net\/noticias\/wp-json\/wp\/v2\/tags?post=19959"}],"curies":[{"name":"wp","href":"https:\/\/api.w.org\/{rel}","templated":true}]}}