{"id":19478,"date":"2024-06-18T10:53:22","date_gmt":"2024-06-18T10:53:22","guid":{"rendered":"https:\/\/www.notijalapa.net\/noticias\/?p=19478"},"modified":"2024-06-18T11:06:13","modified_gmt":"2024-06-18T11:06:13","slug":"las-lluvias-son-causadas-por-una-baja-presion","status":"publish","type":"post","link":"https:\/\/www.notijalapa.net\/noticias\/2024\/06\/18\/las-lluvias-son-causadas-por-una-baja-presion\/","title":{"rendered":"Las lluvias son causadas por una baja presi\u00f3n"},"content":{"rendered":"<p>Desde el d\u00eda viernes dieron inicio las lluvias constantemente, se ha estado en monitoreos con los t\u00e9cnicos municipales, quienes juegan un papel muy importante en los municipios y con ellos desde horas de la ma\u00f1ana iniciaran los monitoreos para ver las condiciones del clima en cada territorio, seg\u00fan lo manifest\u00f3 el Lic. Virgilio \u00c1lvaro Garc\u00eda delegado de la CONRED.<\/p>\n<p><a href=\"https:\/\/www.notijalapa.net\/noticias\/2024\/06\/18\/autoridades-se-reunen-para-estar-en-apresto-por-las-lluvias\/\">MIRA: Autoridades se re\u00fanen para estar en apresto por las lluvias<\/a><\/p>\n<p>Desde el fin de semana las lluvias fueron intermitente en todo el departamento, fueron lapsos de tiempo muy corto que la lluvia ced\u00eda, por ello es que los monitoreos se han intensificado, para evitar cualquier tragedia.<\/p>\n<p><iframe loading=\"lazy\" title=\"Las lluvias son causadas por una baja presi\u00f3n\" width=\"640\" height=\"360\" src=\"https:\/\/www.youtube.com\/embed\/q-4F6xsEiuQ?feature=oembed\" frameborder=\"0\" allow=\"accelerometer; autoplay; clipboard-write; encrypted-media; gyroscope; picture-in-picture; web-share\" referrerpolicy=\"strict-origin-when-cross-origin\" allowfullscreen><\/iframe><\/p>\n<p>Las lluvias son por una honda del Este y un sistema de baja presi\u00f3n que reflejan la continuidad de lluvias de manera parcial, en algunos municipios no cabe duda que a\u00fan sigue lloviendo al igual en la cabecera departamental.<\/p>\n<p style=\"text-align: center;\"><iframe loading=\"lazy\" style=\"border: none; overflow: hidden;\" src=\"https:\/\/www.facebook.com\/plugins\/post.php?href=https%3A%2F%2Fwww.facebook.com%2Fpermalink.php%3Fstory_fbid%3Dpfbid09UGxA72aTGYKZxYXaz32wNMRFFSaw3yXv6JBWTig2joikL6yQ4inP4HvgSa3Ahrol%26id%3D100083158940816&amp;show_text=true&amp;width=500\" width=\"500\" height=\"506\" frameborder=\"0\" scrolling=\"no\" allowfullscreen=\"allowfullscreen\"><\/iframe><\/p>\n","protected":false},"excerpt":{"rendered":"<p>Desde el d\u00eda viernes dieron inicio las lluvias constantemente, se ha estado en monitoreos con los t\u00e9cnicos municipales, quienes juegan un papel muy importante en los municipios y con ellos desde horas de la ma\u00f1ana iniciaran los monitoreos para ver las condiciones del clima en cada territorio, seg\u00fan lo manifest\u00f3 el Lic. Virgilio \u00c1lvaro Garc\u00eda delegado de la CONRED. MIRA: Autoridades se re\u00fanen para estar en apresto por las lluvias Desde el fin de semana las lluvias fueron intermitente en todo el departamento, fueron lapsos de tiempo muy corto que&hellip;<\/p>\n","protected":false},"author":2,"featured_media":19468,"comment_status":"open","ping_status":"open","sticky":false,"template":"","format":"standard","meta":{"footnotes":""},"categories":[3],"tags":[6683,6684],"class_list":["post-19478","post","type-post","status-publish","format-standard","has-post-thumbnail","hentry","category-locales","tag-las-lluvias-son-causadas","tag-por-una-baja-presion"],"gutentor_comment":0,"_links":{"self":[{"href":"https:\/\/www.notijalapa.net\/noticias\/wp-json\/wp\/v2\/posts\/19478","targetHints":{"allow":["GET"]}}],"collection":[{"href":"https:\/\/www.notijalapa.net\/noticias\/wp-json\/wp\/v2\/posts"}],"about":[{"href":"https:\/\/www.notijalapa.net\/noticias\/wp-json\/wp\/v2\/types\/post"}],"author":[{"embeddable":true,"href":"https:\/\/www.notijalapa.net\/noticias\/wp-json\/wp\/v2\/users\/2"}],"replies":[{"embeddable":true,"href":"https:\/\/www.notijalapa.net\/noticias\/wp-json\/wp\/v2\/comments?post=19478"}],"version-history":[{"count":2,"href":"https:\/\/www.notijalapa.net\/noticias\/wp-json\/wp\/v2\/posts\/19478\/revisions"}],"predecessor-version":[{"id":19484,"href":"https:\/\/www.notijalapa.net\/noticias\/wp-json\/wp\/v2\/posts\/19478\/revisions\/19484"}],"wp:featuredmedia":[{"embeddable":true,"href":"https:\/\/www.notijalapa.net\/noticias\/wp-json\/wp\/v2\/media\/19468"}],"wp:attachment":[{"href":"https:\/\/www.notijalapa.net\/noticias\/wp-json\/wp\/v2\/media?parent=19478"}],"wp:term":[{"taxonomy":"category","embeddable":true,"href":"https:\/\/www.notijalapa.net\/noticias\/wp-json\/wp\/v2\/categories?post=19478"},{"taxonomy":"post_tag","embeddable":true,"href":"https:\/\/www.notijalapa.net\/noticias\/wp-json\/wp\/v2\/tags?post=19478"}],"curies":[{"name":"wp","href":"https:\/\/api.w.org\/{rel}","templated":true}]}}