{"id":19300,"date":"2024-06-07T10:55:04","date_gmt":"2024-06-07T10:55:04","guid":{"rendered":"https:\/\/www.notijalapa.net\/noticias\/?p=19300"},"modified":"2024-06-07T11:06:32","modified_gmt":"2024-06-07T11:06:32","slug":"con-entrega-de-arbolitos-celebran-el-dia-del-medio-ambiente","status":"publish","type":"post","link":"https:\/\/www.notijalapa.net\/noticias\/2024\/06\/07\/con-entrega-de-arbolitos-celebran-el-dia-del-medio-ambiente\/","title":{"rendered":"Con entrega de arbolitos celebran el d\u00eda del medio ambiente"},"content":{"rendered":"<p>Este jueves tuvieron a bien celebrar el d\u00eda del medio ambiente, con una feria l\u00fadica juntamente con los ni\u00f1os del Colegio El Bosque, d\u00e1ndoles tambi\u00e9n una ense\u00f1anza forestal, seg\u00fan lo manifest\u00f3 Walter Portillo Director Subregional del INAB en Jalapa.<\/p>\n<p><a href=\"https:\/\/www.notijalapa.net\/noticias\/2024\/06\/07\/seguimiento-a-las-denuncias-de-extorsiones\/\">MIRA: Seguimiento a las denuncias de extorsiones<\/a><\/p>\n<p>La actividad de este jueves era simb\u00f3lica y \u00fanicamente estuvieron entregando cien arbolitos, 50 de la especie de pino y 50 de cipr\u00e9s, la idea es, que cada uno de los alumnos lleve a sus hogares el arbolito, lo plante y le den el seguimiento para que crezca.<\/p>\n<p><iframe loading=\"lazy\" title=\"Con entrega de arbolitos celebran el d\u00eda del medio ambiente\" width=\"640\" height=\"360\" src=\"https:\/\/www.youtube.com\/embed\/MzH5cnlW87Y?feature=oembed\" frameborder=\"0\" allow=\"accelerometer; autoplay; clipboard-write; encrypted-media; gyroscope; picture-in-picture; web-share\" referrerpolicy=\"strict-origin-when-cross-origin\" allowfullscreen><\/iframe><\/p>\n<p>Previo a realizar la entrega de los \u00e1rboles, ellos les brindan la educaci\u00f3n forestal, se les explica a los docentes como plantar un \u00e1rbol y posteriormente que le den el seguimiento, pregunt\u00e1ndoles a los padres de los alumnos para que ellos les indiquen si les est\u00e1n dando el seguimiento a los arbolitos.<\/p>\n<p>Ahora en cuanto a las reforestaciones que est\u00e1n promoviendo con el programa sembrando huella todas las personas les hacen las solicitudes de donaci\u00f3n de arboles y el objetivo es ampliar la cobertura forestal.<\/p>\n<p style=\"text-align: center;\"><iframe loading=\"lazy\" style=\"border: none; overflow: hidden;\" src=\"https:\/\/www.facebook.com\/plugins\/post.php?href=https%3A%2F%2Fwww.facebook.com%2Fpermalink.php%3Fstory_fbid%3Dpfbid02pWXCrGTFK9VUCunQeLm83SNEFN1pmxET1ajy9QYXNxiDhChfwQnmYh7QeaRML8Aol%26id%3D100083158940816&amp;show_text=true&amp;width=500&amp;preview=comet_preview\" width=\"500\" height=\"755\" frameborder=\"0\" scrolling=\"no\" allowfullscreen=\"allowfullscreen\"><\/iframe><\/p>\n","protected":false},"excerpt":{"rendered":"<p>Este jueves tuvieron a bien celebrar el d\u00eda del medio ambiente, con una feria l\u00fadica juntamente con los ni\u00f1os del Colegio El Bosque, d\u00e1ndoles tambi\u00e9n una ense\u00f1anza forestal, seg\u00fan lo manifest\u00f3 Walter Portillo Director Subregional del INAB en Jalapa. MIRA: Seguimiento a las denuncias de extorsiones La actividad de este jueves era simb\u00f3lica y \u00fanicamente estuvieron entregando cien arbolitos, 50 de la especie de pino y 50 de cipr\u00e9s, la idea es, que cada uno de los alumnos lleve a sus hogares el arbolito, lo plante y le den el&hellip;<\/p>\n","protected":false},"author":2,"featured_media":19301,"comment_status":"open","ping_status":"open","sticky":false,"template":"","format":"standard","meta":{"footnotes":""},"categories":[3],"tags":[6605,6604],"class_list":["post-19300","post","type-post","status-publish","format-standard","has-post-thumbnail","hentry","category-locales","tag-celebran-el-dia-del-medio-ambiente","tag-con-entrega-de-arbolitos"],"gutentor_comment":0,"_links":{"self":[{"href":"https:\/\/www.notijalapa.net\/noticias\/wp-json\/wp\/v2\/posts\/19300","targetHints":{"allow":["GET"]}}],"collection":[{"href":"https:\/\/www.notijalapa.net\/noticias\/wp-json\/wp\/v2\/posts"}],"about":[{"href":"https:\/\/www.notijalapa.net\/noticias\/wp-json\/wp\/v2\/types\/post"}],"author":[{"embeddable":true,"href":"https:\/\/www.notijalapa.net\/noticias\/wp-json\/wp\/v2\/users\/2"}],"replies":[{"embeddable":true,"href":"https:\/\/www.notijalapa.net\/noticias\/wp-json\/wp\/v2\/comments?post=19300"}],"version-history":[{"count":2,"href":"https:\/\/www.notijalapa.net\/noticias\/wp-json\/wp\/v2\/posts\/19300\/revisions"}],"predecessor-version":[{"id":19308,"href":"https:\/\/www.notijalapa.net\/noticias\/wp-json\/wp\/v2\/posts\/19300\/revisions\/19308"}],"wp:featuredmedia":[{"embeddable":true,"href":"https:\/\/www.notijalapa.net\/noticias\/wp-json\/wp\/v2\/media\/19301"}],"wp:attachment":[{"href":"https:\/\/www.notijalapa.net\/noticias\/wp-json\/wp\/v2\/media?parent=19300"}],"wp:term":[{"taxonomy":"category","embeddable":true,"href":"https:\/\/www.notijalapa.net\/noticias\/wp-json\/wp\/v2\/categories?post=19300"},{"taxonomy":"post_tag","embeddable":true,"href":"https:\/\/www.notijalapa.net\/noticias\/wp-json\/wp\/v2\/tags?post=19300"}],"curies":[{"name":"wp","href":"https:\/\/api.w.org\/{rel}","templated":true}]}}