{"id":19166,"date":"2024-05-31T10:51:25","date_gmt":"2024-05-31T10:51:25","guid":{"rendered":"https:\/\/www.notijalapa.net\/noticias\/?p=19166"},"modified":"2024-05-31T11:09:53","modified_gmt":"2024-05-31T11:09:53","slug":"cada-mes-capacitaran-a-los-auxiliares-de-enfermeria","status":"publish","type":"post","link":"https:\/\/www.notijalapa.net\/noticias\/2024\/05\/31\/cada-mes-capacitaran-a-los-auxiliares-de-enfermeria\/","title":{"rendered":"Cada mes capacitar\u00e1n a los auxiliares de enfermer\u00eda"},"content":{"rendered":"<p>En esta actividad espec\u00edficamente es de tipo acad\u00e9mico con todo el personal que est\u00e1 distribuido en las comunidades, cada mes con diferentes capacitaciones est\u00e1n fortaleciendo los conocimientos, pero dicha actividad est\u00e1 organizada por los supervisores de territorio, que es la organizaci\u00f3n que tiene el ministerio de salud en relaci\u00f3n de la prestaci\u00f3n de todos sus servicios, seg\u00fan lo dio a conocer la Licda. Silvia Vielman coordinadora del Centro de Salud de Jalapa.<\/p>\n<p><a href=\"https:\/\/www.notijalapa.net\/noticias\/2024\/05\/31\/ampliaran-los-servicios-de-la-sede-regional-de-dialisis-peritoneal\/\">MIRA: Ampliar\u00e1n los servicios de la sede regional de di\u00e1lisis peritoneal<\/a><\/p>\n<p>Por su parte Rosmeri Rodr\u00edguez manifiesta que, los temas con los que cuentan son, estudiantes de medicina quienes impartieron varios temas, contaron con la presencia de la nutricionista del centro de salud quien dio el tema de nutrici\u00f3n complementaria a los auxiliares de enfermer\u00eda.<\/p>\n<p><iframe loading=\"lazy\" title=\"Cada mes capacitar\u00e1n a los auxiliares de enfermer\u00eda\" width=\"640\" height=\"360\" src=\"https:\/\/www.youtube.com\/embed\/GTm_DX5Y-B4?feature=oembed\" frameborder=\"0\" allow=\"accelerometer; autoplay; clipboard-write; encrypted-media; gyroscope; picture-in-picture; web-share\" referrerpolicy=\"strict-origin-when-cross-origin\" allowfullscreen><\/iframe><\/p>\n<p>As\u00ed mismo, Linda \u00c1gil supervisora de territorio, indica que, principalmente participaron los auxiliares de enfermer\u00eda, ya que es para ellos que va enfocada esta capacitaci\u00f3n y fueron de 40 a 50 personas quienes participaron esta vez.<\/p>\n<p style=\"text-align: center;\"><iframe loading=\"lazy\" style=\"border: none; overflow: hidden;\" src=\"https:\/\/www.facebook.com\/plugins\/post.php?href=https%3A%2F%2Fwww.facebook.com%2Fpermalink.php%3Fstory_fbid%3Dpfbid032xPxGnVdHJx6eQf41ahyT4MPqUPwLXRm7hzemaN3G9EFqsZ1xkL54eoNKftWEjvUl%26id%3D100083158940816&amp;show_text=true&amp;width=500&amp;is_preview=true\" width=\"500\" height=\"525\" frameborder=\"0\" scrolling=\"no\" allowfullscreen=\"allowfullscreen\"><\/iframe><\/p>\n","protected":false},"excerpt":{"rendered":"<p>En esta actividad espec\u00edficamente es de tipo acad\u00e9mico con todo el personal que est\u00e1 distribuido en las comunidades, cada mes con diferentes capacitaciones est\u00e1n fortaleciendo los conocimientos, pero dicha actividad est\u00e1 organizada por los supervisores de territorio, que es la organizaci\u00f3n que tiene el ministerio de salud en relaci\u00f3n de la prestaci\u00f3n de todos sus servicios, seg\u00fan lo dio a conocer la Licda. Silvia Vielman coordinadora del Centro de Salud de Jalapa. MIRA: Ampliar\u00e1n los servicios de la sede regional de di\u00e1lisis peritoneal Por su parte Rosmeri Rodr\u00edguez manifiesta que,&hellip;<\/p>\n","protected":false},"author":2,"featured_media":19167,"comment_status":"open","ping_status":"open","sticky":false,"template":"","format":"standard","meta":{"footnotes":""},"categories":[3],"tags":[6541,6540],"class_list":["post-19166","post","type-post","status-publish","format-standard","has-post-thumbnail","hentry","category-locales","tag-a-los-auxiliares-de-enfermeria","tag-cada-mes-capacitaran"],"gutentor_comment":0,"_links":{"self":[{"href":"https:\/\/www.notijalapa.net\/noticias\/wp-json\/wp\/v2\/posts\/19166","targetHints":{"allow":["GET"]}}],"collection":[{"href":"https:\/\/www.notijalapa.net\/noticias\/wp-json\/wp\/v2\/posts"}],"about":[{"href":"https:\/\/www.notijalapa.net\/noticias\/wp-json\/wp\/v2\/types\/post"}],"author":[{"embeddable":true,"href":"https:\/\/www.notijalapa.net\/noticias\/wp-json\/wp\/v2\/users\/2"}],"replies":[{"embeddable":true,"href":"https:\/\/www.notijalapa.net\/noticias\/wp-json\/wp\/v2\/comments?post=19166"}],"version-history":[{"count":2,"href":"https:\/\/www.notijalapa.net\/noticias\/wp-json\/wp\/v2\/posts\/19166\/revisions"}],"predecessor-version":[{"id":19192,"href":"https:\/\/www.notijalapa.net\/noticias\/wp-json\/wp\/v2\/posts\/19166\/revisions\/19192"}],"wp:featuredmedia":[{"embeddable":true,"href":"https:\/\/www.notijalapa.net\/noticias\/wp-json\/wp\/v2\/media\/19167"}],"wp:attachment":[{"href":"https:\/\/www.notijalapa.net\/noticias\/wp-json\/wp\/v2\/media?parent=19166"}],"wp:term":[{"taxonomy":"category","embeddable":true,"href":"https:\/\/www.notijalapa.net\/noticias\/wp-json\/wp\/v2\/categories?post=19166"},{"taxonomy":"post_tag","embeddable":true,"href":"https:\/\/www.notijalapa.net\/noticias\/wp-json\/wp\/v2\/tags?post=19166"}],"curies":[{"name":"wp","href":"https:\/\/api.w.org\/{rel}","templated":true}]}}