{"id":19101,"date":"2024-05-28T10:54:58","date_gmt":"2024-05-28T10:54:58","guid":{"rendered":"https:\/\/www.notijalapa.net\/noticias\/?p=19101"},"modified":"2024-05-28T11:11:11","modified_gmt":"2024-05-28T11:11:11","slug":"representantes-de-buena-vista-pide-que-arreglen-las-carreteras-y-supervisen-salud-y-educacion","status":"publish","type":"post","link":"https:\/\/www.notijalapa.net\/noticias\/2024\/05\/28\/representantes-de-buena-vista-pide-que-arreglen-las-carreteras-y-supervisen-salud-y-educacion\/","title":{"rendered":"Representantes de Buena Vista pide que arreglen las carreteras y supervisen salud y educaci\u00f3n"},"content":{"rendered":"<p>Este lunes 27 de mayo, se reunieron con la Gobernadora Departamental de Jalapa para tratar asuntos de suma importancia, ya que ellos como autoridades ind\u00edgenas no se hab\u00edan presentado con ella, pero este d\u00eda tuvieron el placer de reunirse y tratar ciertos asuntos que surgen en su comunidad, seg\u00fan lo manifest\u00f3 V\u00edctor Manuel P\u00e9rez Oliva presidente y representante legal de la comunidad ind\u00edgena de Buena Vista.<\/p>\n<p><a href=\"https:\/\/www.notijalapa.net\/noticias\/2024\/05\/28\/siete-personas-terminan-en-prision-el-fin-de-semana\/\">MIRA: Siete personas terminan en prisi\u00f3n el fin de semana<\/a><\/p>\n<p>Han platicado sobre gestiones de trabajo, proyectos de carretera y sus mantenimientos, reforestaci\u00f3n de las comunidades, aunque anteriormente estuvieron reunidos para tratar el tema de la reforestaci\u00f3n.<\/p>\n<p><iframe loading=\"lazy\" title=\"Representantes de Buena Vista pide que arreglen las carreteras y supervisen salud y educaci\u00f3n\" width=\"640\" height=\"360\" src=\"https:\/\/www.youtube.com\/embed\/9RWLbzfJYo4?feature=oembed\" frameborder=\"0\" allow=\"accelerometer; autoplay; clipboard-write; encrypted-media; gyroscope; picture-in-picture; web-share\" referrerpolicy=\"strict-origin-when-cross-origin\" allowfullscreen><\/iframe><\/p>\n<p>Por su parte la Gobernadora Departamental de Jalapa Gladys Vasques indico conocer las autoridades ind\u00edgenas de la comunidad, quienes le comentaron una serie de peticiones en el tema de la infraestructura para que ellos puedan llegar a sus comunidades.<\/p>\n<p>Ella har\u00e1 las gestiones que corresponden para buscar los apoyos necesarios y pueda cumplirles esta petici\u00f3n, pero para ello deben delimitar si la carretera es municipal o nacional, por ende, hacer las gestiones correspondientes. Ante la Municipalidad tienen que solicitarle el apoyo al alcalde o al ministerio de comunicaciones, COVIAL y CAMINOS quienes son las dos entidades que manejan el tema de carreteras, para determinar de quien es la responsabilidad.<\/p>\n<p>As\u00ed mismo, por las peticiones enviar\u00e1n las necesidades a las autoridades correspondientes para que verifiquen el tema de la supervisi\u00f3n al personal que prestan los servicios en las dos entidades tanto educaci\u00f3n como salud y que se le puedan brindar a los habitantes de esta comunidad mejores servicios.<\/p>\n<p style=\"text-align: center;\"><iframe loading=\"lazy\" style=\"border: none; overflow: hidden;\" src=\"https:\/\/www.facebook.com\/plugins\/post.php?href=https%3A%2F%2Fwww.facebook.com%2Fpermalink.php%3Fstory_fbid%3Dpfbid02q7FBMtnNTifD9kbocyb3hTNgfwxcDfFnSpZ2oSdhgtXjU5Ds9wwco6L8QQT5cFnDl%26id%3D100083158940816&amp;show_text=true&amp;width=500&amp;is_preview=true\" width=\"500\" height=\"564\" frameborder=\"0\" scrolling=\"no\" allowfullscreen=\"allowfullscreen\"><\/iframe><\/p>\n","protected":false},"excerpt":{"rendered":"<p>Este lunes 27 de mayo, se reunieron con la Gobernadora Departamental de Jalapa para tratar asuntos de suma importancia, ya que ellos como autoridades ind\u00edgenas no se hab\u00edan presentado con ella, pero este d\u00eda tuvieron el placer de reunirse y tratar ciertos asuntos que surgen en su comunidad, seg\u00fan lo manifest\u00f3 V\u00edctor Manuel P\u00e9rez Oliva presidente y representante legal de la comunidad ind\u00edgena de Buena Vista. MIRA: Siete personas terminan en prisi\u00f3n el fin de semana Han platicado sobre gestiones de trabajo, proyectos de carretera y sus mantenimientos, reforestaci\u00f3n de&hellip;<\/p>\n","protected":false},"author":2,"featured_media":19095,"comment_status":"open","ping_status":"open","sticky":false,"template":"","format":"standard","meta":{"footnotes":""},"categories":[3],"tags":[6509,6508],"class_list":["post-19101","post","type-post","status-publish","format-standard","has-post-thumbnail","hentry","category-locales","tag-que-arreglen-las-carreteras","tag-representantes-de-buena-vista-pide"],"gutentor_comment":0,"_links":{"self":[{"href":"https:\/\/www.notijalapa.net\/noticias\/wp-json\/wp\/v2\/posts\/19101","targetHints":{"allow":["GET"]}}],"collection":[{"href":"https:\/\/www.notijalapa.net\/noticias\/wp-json\/wp\/v2\/posts"}],"about":[{"href":"https:\/\/www.notijalapa.net\/noticias\/wp-json\/wp\/v2\/types\/post"}],"author":[{"embeddable":true,"href":"https:\/\/www.notijalapa.net\/noticias\/wp-json\/wp\/v2\/users\/2"}],"replies":[{"embeddable":true,"href":"https:\/\/www.notijalapa.net\/noticias\/wp-json\/wp\/v2\/comments?post=19101"}],"version-history":[{"count":2,"href":"https:\/\/www.notijalapa.net\/noticias\/wp-json\/wp\/v2\/posts\/19101\/revisions"}],"predecessor-version":[{"id":19114,"href":"https:\/\/www.notijalapa.net\/noticias\/wp-json\/wp\/v2\/posts\/19101\/revisions\/19114"}],"wp:featuredmedia":[{"embeddable":true,"href":"https:\/\/www.notijalapa.net\/noticias\/wp-json\/wp\/v2\/media\/19095"}],"wp:attachment":[{"href":"https:\/\/www.notijalapa.net\/noticias\/wp-json\/wp\/v2\/media?parent=19101"}],"wp:term":[{"taxonomy":"category","embeddable":true,"href":"https:\/\/www.notijalapa.net\/noticias\/wp-json\/wp\/v2\/categories?post=19101"},{"taxonomy":"post_tag","embeddable":true,"href":"https:\/\/www.notijalapa.net\/noticias\/wp-json\/wp\/v2\/tags?post=19101"}],"curies":[{"name":"wp","href":"https:\/\/api.w.org\/{rel}","templated":true}]}}