{"id":18871,"date":"2024-05-15T10:55:09","date_gmt":"2024-05-15T10:55:09","guid":{"rendered":"https:\/\/www.notijalapa.net\/noticias\/?p=18871"},"modified":"2024-05-15T11:10:42","modified_gmt":"2024-05-15T11:10:42","slug":"conmemoran-el-dia-internacional-de-la-comadrona","status":"publish","type":"post","link":"https:\/\/www.notijalapa.net\/noticias\/2024\/05\/15\/conmemoran-el-dia-internacional-de-la-comadrona\/","title":{"rendered":"Conmemoran el d\u00eda internacional de la comadrona"},"content":{"rendered":"<p>Este martes realizaron un evento regional de comadronas en donde participan personas de los departamentos de Jalapa, Jutiapa y Santa Rosa, en conmemoraci\u00f3n al d\u00eda internacional de la comadrona, d\u00e1ndole realce a ese trabajo arduo que hacen para evitar las muertes maternas neonatales en nuestras comunidades, seg\u00fan lo manifest\u00f3 Lilian Roxana Rodr\u00edguez y Rodr\u00edguez encargada de unidad de pueblos ind\u00edgenas, interculturalidad.<\/p>\n<p><a href=\"https:\/\/www.notijalapa.net\/noticias\/2024\/05\/15\/buscan-disminuir-los-casos-de-dengue-en-jalapa\/\">MIRA: Buscan disminuir los casos de dengue en Jalapa<\/a><\/p>\n<p>El objetivo de esta actividad es valorar el esfuerzo que cada una de ellas realizan y decirles cuanto se valora el trabajo que ellas hacen, para rescatar las vidas de los ni\u00f1os y para dar vida a un nuevo bebe.<\/p>\n<p><iframe loading=\"lazy\" title=\"Conmemoran el d\u00eda internacional de la comadrona\" width=\"640\" height=\"360\" src=\"https:\/\/www.youtube.com\/embed\/I0A5UPPSJaA?feature=oembed\" frameborder=\"0\" allow=\"accelerometer; autoplay; clipboard-write; encrypted-media; gyroscope; picture-in-picture; web-share\" referrerpolicy=\"strict-origin-when-cross-origin\" allowfullscreen><\/iframe><\/p>\n<p>En la unidad de interculturalidad est\u00e1n luchando mucho porque el personal de salud se ponga en el zapato del otro, lo que hacen las comadronas, debido que conocen de las necesidades de los pacientes, no les es impedimento del horario, la fecha, d\u00eda, no hay ning\u00fan impedimento para que ellas atiendan a las personas embarazadas.<\/p>\n<p>En Jalapa tienen un registro de 438 comadronas, aunque actualmente les reportaron que hay comadronas que ya han fallecido, pero tienen otras que se est\u00e1n agregando, en esta actividad \u00fanicamente estuvieron participando 15 comadronas de cada departamento.<\/p>\n<p style=\"text-align: center;\"><iframe loading=\"lazy\" style=\"border: none; overflow: hidden;\" src=\"https:\/\/www.facebook.com\/plugins\/post.php?href=https%3A%2F%2Fwww.facebook.com%2Fpermalink.php%3Fstory_fbid%3Dpfbid0AscqCkAF9W25UhN6D32SgRJprMKQJ1HHYGFNumz4yRDdczbYqAYDphL9aQnjQeZdl%26id%3D100083158940816&amp;show_text=true&amp;width=500&amp;is_preview=true\" width=\"500\" height=\"774\" frameborder=\"0\" scrolling=\"no\" allowfullscreen=\"allowfullscreen\"><\/iframe><\/p>\n","protected":false},"excerpt":{"rendered":"<p>Este martes realizaron un evento regional de comadronas en donde participan personas de los departamentos de Jalapa, Jutiapa y Santa Rosa, en conmemoraci\u00f3n al d\u00eda internacional de la comadrona, d\u00e1ndole realce a ese trabajo arduo que hacen para evitar las muertes maternas neonatales en nuestras comunidades, seg\u00fan lo manifest\u00f3 Lilian Roxana Rodr\u00edguez y Rodr\u00edguez encargada de unidad de pueblos ind\u00edgenas, interculturalidad. MIRA: Buscan disminuir los casos de dengue en Jalapa El objetivo de esta actividad es valorar el esfuerzo que cada una de ellas realizan y decirles cuanto se valora&hellip;<\/p>\n","protected":false},"author":2,"featured_media":18864,"comment_status":"open","ping_status":"open","sticky":false,"template":"","format":"standard","meta":{"footnotes":""},"categories":[3],"tags":[6413,6414],"class_list":["post-18871","post","type-post","status-publish","format-standard","has-post-thumbnail","hentry","category-locales","tag-conmemoran-el-dia-internacional","tag-de-la-comadrona"],"gutentor_comment":0,"_links":{"self":[{"href":"https:\/\/www.notijalapa.net\/noticias\/wp-json\/wp\/v2\/posts\/18871","targetHints":{"allow":["GET"]}}],"collection":[{"href":"https:\/\/www.notijalapa.net\/noticias\/wp-json\/wp\/v2\/posts"}],"about":[{"href":"https:\/\/www.notijalapa.net\/noticias\/wp-json\/wp\/v2\/types\/post"}],"author":[{"embeddable":true,"href":"https:\/\/www.notijalapa.net\/noticias\/wp-json\/wp\/v2\/users\/2"}],"replies":[{"embeddable":true,"href":"https:\/\/www.notijalapa.net\/noticias\/wp-json\/wp\/v2\/comments?post=18871"}],"version-history":[{"count":3,"href":"https:\/\/www.notijalapa.net\/noticias\/wp-json\/wp\/v2\/posts\/18871\/revisions"}],"predecessor-version":[{"id":18884,"href":"https:\/\/www.notijalapa.net\/noticias\/wp-json\/wp\/v2\/posts\/18871\/revisions\/18884"}],"wp:featuredmedia":[{"embeddable":true,"href":"https:\/\/www.notijalapa.net\/noticias\/wp-json\/wp\/v2\/media\/18864"}],"wp:attachment":[{"href":"https:\/\/www.notijalapa.net\/noticias\/wp-json\/wp\/v2\/media?parent=18871"}],"wp:term":[{"taxonomy":"category","embeddable":true,"href":"https:\/\/www.notijalapa.net\/noticias\/wp-json\/wp\/v2\/categories?post=18871"},{"taxonomy":"post_tag","embeddable":true,"href":"https:\/\/www.notijalapa.net\/noticias\/wp-json\/wp\/v2\/tags?post=18871"}],"curies":[{"name":"wp","href":"https:\/\/api.w.org\/{rel}","templated":true}]}}