{"id":18738,"date":"2024-05-08T10:49:30","date_gmt":"2024-05-08T10:49:30","guid":{"rendered":"https:\/\/www.notijalapa.net\/noticias\/?p=18738"},"modified":"2024-05-08T11:03:28","modified_gmt":"2024-05-08T11:03:28","slug":"buscan-trabajar-en-la-disminucion-de-la-desnutricion","status":"publish","type":"post","link":"https:\/\/www.notijalapa.net\/noticias\/2024\/05\/08\/buscan-trabajar-en-la-disminucion-de-la-desnutricion\/","title":{"rendered":"Buscan trabajar en la disminuci\u00f3n de la desnutrici\u00f3n"},"content":{"rendered":"<p>Este martes, realizaron la reuni\u00f3n ordinaria de la comisi\u00f3n departamental de seguridad alimentaria y nutricional, en la cual varias instituciones de gobierno y ONG coordinaron diferentes actividades en temas de seguridad alimentaria, tambi\u00e9n presentaron los diferentes avances y reportes que se generan durante lo que va del a\u00f1o 2024, as\u00ed lo dijo el Ing. Erick Orellana delegado de SESAN.<\/p>\n<p><a href=\"https:\/\/www.notijalapa.net\/noticias\/2024\/05\/08\/director-ejecutivo-de-consejos-de-desarrollo-renuncia\/\">MIRA: Director ejecutivo de Consejos de Desarrollo renuncia<\/a><\/p>\n<p>As\u00ed mismo, en dicha reuni\u00f3n el Ministerio de Salud P\u00fablica y Asistencia Social present\u00f3 la cantidad de casos de ni\u00f1os con desnutrici\u00f3n aguda reportados hasta el momento en los diferentes distritos y el hospital nacional hacen un total de 78 casos de los cuales tienen un ni\u00f1o que reincide en este a\u00f1o con desnutrici\u00f3n aguda, es de verificar por medio de la COMUSAN y hacer un an\u00e1lisis sobre el caso del ni\u00f1o para ver si presenta alg\u00fan diagn\u00f3sticos especial para que no vuelva a caer en casos de desnutrici\u00f3n.<\/p>\n<p><iframe loading=\"lazy\" title=\"Buscan trabajar en la disminuci\u00f3n de la desnutrici\u00f3n\" width=\"640\" height=\"360\" src=\"https:\/\/www.youtube.com\/embed\/9Tam5Vk4ASU?feature=oembed\" frameborder=\"0\" allow=\"accelerometer; autoplay; clipboard-write; encrypted-media; gyroscope; picture-in-picture; web-share\" referrerpolicy=\"strict-origin-when-cross-origin\" allowfullscreen><\/iframe><\/p>\n<p>Tambi\u00e9n se presentaron los avances en los programas del MIDES, ya viene una pr\u00f3xima entrega de bono, tambi\u00e9n los comedores y el estado actual de los diferentes bonos en beneficio de la poblaci\u00f3n jalapaneca a nivel del departamento.<\/p>\n<p>Estuvieron brindando una capacitaci\u00f3n a los diferentes miembros de la comisi\u00f3n en lo que es la ventana de oportunidades de los mil d\u00edas, tambi\u00e9n se coordinaron otras actividades y ellos como SESAN est\u00e1n coordinando con ONGS para unas pr\u00f3ximas intervenciones que tendr\u00e1n en el departamento de Jalapa y esperan sean de beneficio de la poblaci\u00f3n.<\/p>\n<p style=\"text-align: center;\"><iframe loading=\"lazy\" style=\"border: none; overflow: hidden;\" src=\"https:\/\/www.facebook.com\/plugins\/post.php?href=https%3A%2F%2Fwww.facebook.com%2Fpermalink.php%3Fstory_fbid%3Dpfbid0v6Cpz2SUgxMxB2BLdQWxKkuTtmX1htBfGRS9WJZ7VWTa2Qcy8mCH5Qzqahou7gN2l%26id%3D100083158940816&amp;show_text=true&amp;width=500&amp;is_preview=true\" width=\"500\" height=\"250\" frameborder=\"0\" scrolling=\"no\" allowfullscreen=\"allowfullscreen\"><\/iframe><\/p>\n","protected":false},"excerpt":{"rendered":"<p>Este martes, realizaron la reuni\u00f3n ordinaria de la comisi\u00f3n departamental de seguridad alimentaria y nutricional, en la cual varias instituciones de gobierno y ONG coordinaron diferentes actividades en temas de seguridad alimentaria, tambi\u00e9n presentaron los diferentes avances y reportes que se generan durante lo que va del a\u00f1o 2024, as\u00ed lo dijo el Ing. Erick Orellana delegado de SESAN. MIRA: Director ejecutivo de Consejos de Desarrollo renuncia As\u00ed mismo, en dicha reuni\u00f3n el Ministerio de Salud P\u00fablica y Asistencia Social present\u00f3 la cantidad de casos de ni\u00f1os con desnutrici\u00f3n aguda&hellip;<\/p>\n","protected":false},"author":2,"featured_media":18739,"comment_status":"open","ping_status":"open","sticky":false,"template":"","format":"standard","meta":{"footnotes":""},"categories":[3],"tags":[3413,6356],"class_list":["post-18738","post","type-post","status-publish","format-standard","has-post-thumbnail","hentry","category-locales","tag-buscan-trabajar","tag-disminucion-de-la-desnutricion"],"gutentor_comment":0,"_links":{"self":[{"href":"https:\/\/www.notijalapa.net\/noticias\/wp-json\/wp\/v2\/posts\/18738","targetHints":{"allow":["GET"]}}],"collection":[{"href":"https:\/\/www.notijalapa.net\/noticias\/wp-json\/wp\/v2\/posts"}],"about":[{"href":"https:\/\/www.notijalapa.net\/noticias\/wp-json\/wp\/v2\/types\/post"}],"author":[{"embeddable":true,"href":"https:\/\/www.notijalapa.net\/noticias\/wp-json\/wp\/v2\/users\/2"}],"replies":[{"embeddable":true,"href":"https:\/\/www.notijalapa.net\/noticias\/wp-json\/wp\/v2\/comments?post=18738"}],"version-history":[{"count":2,"href":"https:\/\/www.notijalapa.net\/noticias\/wp-json\/wp\/v2\/posts\/18738\/revisions"}],"predecessor-version":[{"id":18762,"href":"https:\/\/www.notijalapa.net\/noticias\/wp-json\/wp\/v2\/posts\/18738\/revisions\/18762"}],"wp:featuredmedia":[{"embeddable":true,"href":"https:\/\/www.notijalapa.net\/noticias\/wp-json\/wp\/v2\/media\/18739"}],"wp:attachment":[{"href":"https:\/\/www.notijalapa.net\/noticias\/wp-json\/wp\/v2\/media?parent=18738"}],"wp:term":[{"taxonomy":"category","embeddable":true,"href":"https:\/\/www.notijalapa.net\/noticias\/wp-json\/wp\/v2\/categories?post=18738"},{"taxonomy":"post_tag","embeddable":true,"href":"https:\/\/www.notijalapa.net\/noticias\/wp-json\/wp\/v2\/tags?post=18738"}],"curies":[{"name":"wp","href":"https:\/\/api.w.org\/{rel}","templated":true}]}}