{"id":18531,"date":"2024-04-24T10:59:15","date_gmt":"2024-04-24T10:59:15","guid":{"rendered":"https:\/\/www.notijalapa.net\/noticias\/?p=18531"},"modified":"2024-04-24T11:06:50","modified_gmt":"2024-04-24T11:06:50","slug":"mas-de-150-hectareas-de-bosque-se-han-quemado-este-ano","status":"publish","type":"post","link":"https:\/\/www.notijalapa.net\/noticias\/2024\/04\/24\/mas-de-150-hectareas-de-bosque-se-han-quemado-este-ano\/","title":{"rendered":"M\u00e1s de 150 hect\u00e1reas de bosque se han quemado este a\u00f1o"},"content":{"rendered":"<p>En la \u00faltima semana se han reducido los incendios forestales en el departamento de Jalapa, debido a que ya se empiezan a sentir acercamientos de lluvia, eso de alguna manera est\u00e1 ayudando un poco, seg\u00fan lo dio a conocer el Lic. \u00c1lvaro Garc\u00eda delegado de la CONRED.<\/p>\n<p><a href=\"https:\/\/www.notijalapa.net\/noticias\/2024\/04\/24\/tomaron-medidas-para-mejorar-el-acceso-de-los-estudiantes\/\">MIRA: Tomaron medidas para mejorar el acceso de los estudiantes<\/a><\/p>\n<p>Cabe mencionar que, los monitoreos se mantienen, debido que en cualquier momento se podr\u00eda generar un incendio forestal en diferentes partes del departamento de Jalapa y ellos deben estar en apresto para enviar a los bomberos forestales a sofocarlo.<\/p>\n<p><iframe loading=\"lazy\" title=\"M\u00e1s de 150 hect\u00e1reas de bosque se han quemado este a\u00f1o\" width=\"640\" height=\"360\" src=\"https:\/\/www.youtube.com\/embed\/rmZEuihNN8k?feature=oembed\" frameborder=\"0\" allow=\"accelerometer; autoplay; clipboard-write; encrypted-media; gyroscope; picture-in-picture; web-share\" referrerpolicy=\"strict-origin-when-cross-origin\" allowfullscreen><\/iframe><\/p>\n<p>Actualmente los mapas de puntos de calor evidencian una baja tendencia en relaci\u00f3n de incendios forestales, actualmente tienen contabilizado que se han quemados 153 hect\u00e1reas de bosque y se han registrado 104 incendios forestales de los cuales 19 son de categor\u00eda no forestal.<\/p>\n<p>Consideran que, los incendios forestales ya no se incrementaran, debido que estamos ingresando a una etapa de lluvias y eso va a generar una disminuci\u00f3n en la parte de los incendios forestales.<\/p>\n<p style=\"text-align: center;\"><iframe loading=\"lazy\" style=\"border: none; overflow: hidden;\" src=\"https:\/\/www.facebook.com\/plugins\/post.php?href=https%3A%2F%2Fwww.facebook.com%2Fpermalink.php%3Fstory_fbid%3Dpfbid02hfX17vtdzhpAhzZjFtRRhNZtZfj6UgqRvRCm4KYkRkBFQXmQZRrr9h3MWTckpt73l%26id%3D100083158940816&amp;show_text=true&amp;width=500&amp;is_preview=true\" width=\"500\" height=\"774\" frameborder=\"0\" scrolling=\"no\" allowfullscreen=\"allowfullscreen\"><\/iframe><\/p>\n","protected":false},"excerpt":{"rendered":"<p>En la \u00faltima semana se han reducido los incendios forestales en el departamento de Jalapa, debido a que ya se empiezan a sentir acercamientos de lluvia, eso de alguna manera est\u00e1 ayudando un poco, seg\u00fan lo dio a conocer el Lic. \u00c1lvaro Garc\u00eda delegado de la CONRED. MIRA: Tomaron medidas para mejorar el acceso de los estudiantes Cabe mencionar que, los monitoreos se mantienen, debido que en cualquier momento se podr\u00eda generar un incendio forestal en diferentes partes del departamento de Jalapa y ellos deben estar en apresto para enviar&hellip;<\/p>\n","protected":false},"author":2,"featured_media":18520,"comment_status":"open","ping_status":"open","sticky":false,"template":"","format":"standard","meta":{"footnotes":""},"categories":[3],"tags":[6268,6269],"class_list":["post-18531","post","type-post","status-publish","format-standard","has-post-thumbnail","hentry","category-locales","tag-mas-de-150-hectareas-de-bosque","tag-se-han-quemado-este-ano"],"gutentor_comment":0,"_links":{"self":[{"href":"https:\/\/www.notijalapa.net\/noticias\/wp-json\/wp\/v2\/posts\/18531","targetHints":{"allow":["GET"]}}],"collection":[{"href":"https:\/\/www.notijalapa.net\/noticias\/wp-json\/wp\/v2\/posts"}],"about":[{"href":"https:\/\/www.notijalapa.net\/noticias\/wp-json\/wp\/v2\/types\/post"}],"author":[{"embeddable":true,"href":"https:\/\/www.notijalapa.net\/noticias\/wp-json\/wp\/v2\/users\/2"}],"replies":[{"embeddable":true,"href":"https:\/\/www.notijalapa.net\/noticias\/wp-json\/wp\/v2\/comments?post=18531"}],"version-history":[{"count":3,"href":"https:\/\/www.notijalapa.net\/noticias\/wp-json\/wp\/v2\/posts\/18531\/revisions"}],"predecessor-version":[{"id":18534,"href":"https:\/\/www.notijalapa.net\/noticias\/wp-json\/wp\/v2\/posts\/18531\/revisions\/18534"}],"wp:featuredmedia":[{"embeddable":true,"href":"https:\/\/www.notijalapa.net\/noticias\/wp-json\/wp\/v2\/media\/18520"}],"wp:attachment":[{"href":"https:\/\/www.notijalapa.net\/noticias\/wp-json\/wp\/v2\/media?parent=18531"}],"wp:term":[{"taxonomy":"category","embeddable":true,"href":"https:\/\/www.notijalapa.net\/noticias\/wp-json\/wp\/v2\/categories?post=18531"},{"taxonomy":"post_tag","embeddable":true,"href":"https:\/\/www.notijalapa.net\/noticias\/wp-json\/wp\/v2\/tags?post=18531"}],"curies":[{"name":"wp","href":"https:\/\/api.w.org\/{rel}","templated":true}]}}