{"id":18527,"date":"2024-04-24T10:58:11","date_gmt":"2024-04-24T10:58:11","guid":{"rendered":"https:\/\/www.notijalapa.net\/noticias\/?p=18527"},"modified":"2024-04-24T11:08:36","modified_gmt":"2024-04-24T11:08:36","slug":"realizan-estrategia-para-la-vacunacion-de-las-americas","status":"publish","type":"post","link":"https:\/\/www.notijalapa.net\/noticias\/2024\/04\/24\/realizan-estrategia-para-la-vacunacion-de-las-americas\/","title":{"rendered":"Realizan estrategia para la vacunaci\u00f3n de las Am\u00e9ricas"},"content":{"rendered":"<p>La semana de vacunaci\u00f3n de las Am\u00e9ricas es una estrategia del Ministerio de Salud, el cual pone a disposici\u00f3n de toda la poblaci\u00f3n jalapaneca y en este caso es a nivel nacional, todas las vacunas del sistema regular a todos los ni\u00f1os menores de 17 a\u00f1os, se estar\u00e1n aplicando todas las vacunas estando a disposici\u00f3n de la poblaci\u00f3n, seg\u00fan lo dio a conocer el Dr. Carlos Duarte Director del Centro de Salud.<\/p>\n<p><a href=\"https:\/\/www.notijalapa.net\/noticias\/2024\/04\/24\/se-reportan-variaciones-en-el-clima\/\">MIRA: Se reportan variaciones en el clima<\/a><\/p>\n<p>As\u00ed mismo, estar\u00e1n aplicando la vacuna del VPH que actualmente tambi\u00e9n la est\u00e1n aplicando a los varones que est\u00e1n cumpliendo 9 a\u00f1os, de igual manera a todas las ni\u00f1as de 9 a 17 a\u00f1os se les estar\u00e1 aplicando esta vacuna. Tendr\u00e1n la disponibilidad de la vacuna de COVID-19 y para los adultos las vacunas de Neumococo, Hepatitis, entre otras, que podr\u00e1n solicitar en todas las redes de servicios de salud del municipio de Jalapa.<\/p>\n<p><iframe loading=\"lazy\" title=\"Realizan estrategia para la vacunaci\u00f3n de las Am\u00e9ricas\" width=\"640\" height=\"360\" src=\"https:\/\/www.youtube.com\/embed\/1qIlqVL2JIE?feature=oembed\" frameborder=\"0\" allow=\"accelerometer; autoplay; clipboard-write; encrypted-media; gyroscope; picture-in-picture; web-share\" referrerpolicy=\"strict-origin-when-cross-origin\" allowfullscreen><\/iframe><\/p>\n<p>Es una estrategia a nivel nacional y el departamento de Jalapa est\u00e1 siendo participe en la semana de vacunaci\u00f3n de las Am\u00e9ricas que comenz\u00f3 el d\u00eda domingo 21 de abril y finalizar\u00e1 el domingo 28. Los puestos de vacunaci\u00f3n ser\u00e1n en los puestos de salud, en centros de convergencia en donde se aplicar\u00e1n las vacunas antes en menci\u00f3n, es importante estar al pendiente de las redes sociales, ya que a trav\u00e9s de esto se les estar\u00e1 informando sobre las acciones que est\u00e1n tomando constantemente en los servicios de salud del departamento de Jalapa.<\/p>\n<p style=\"text-align: center;\"><iframe loading=\"lazy\" style=\"border: none; overflow: hidden;\" src=\"https:\/\/www.facebook.com\/plugins\/post.php?href=https%3A%2F%2Fwww.facebook.com%2Fpermalink.php%3Fstory_fbid%3Dpfbid021LtmBEdsjNsDbMhCEix34XGUbThStH5xyUHbKoHySqMPCM1x9qwYwnosMXBAP2mWl%26id%3D100083158940816&amp;show_text=true&amp;width=500&amp;is_preview=true\" width=\"500\" height=\"506\" frameborder=\"0\" scrolling=\"no\" allowfullscreen=\"allowfullscreen\"><\/iframe><\/p>\n","protected":false},"excerpt":{"rendered":"<p>La semana de vacunaci\u00f3n de las Am\u00e9ricas es una estrategia del Ministerio de Salud, el cual pone a disposici\u00f3n de toda la poblaci\u00f3n jalapaneca y en este caso es a nivel nacional, todas las vacunas del sistema regular a todos los ni\u00f1os menores de 17 a\u00f1os, se estar\u00e1n aplicando todas las vacunas estando a disposici\u00f3n de la poblaci\u00f3n, seg\u00fan lo dio a conocer el Dr. Carlos Duarte Director del Centro de Salud. MIRA: Se reportan variaciones en el clima As\u00ed mismo, estar\u00e1n aplicando la vacuna del VPH que actualmente tambi\u00e9n&hellip;<\/p>\n","protected":false},"author":2,"featured_media":18519,"comment_status":"open","ping_status":"open","sticky":false,"template":"","format":"standard","meta":{"footnotes":""},"categories":[3],"tags":[6264,6265],"class_list":["post-18527","post","type-post","status-publish","format-standard","has-post-thumbnail","hentry","category-locales","tag-realizan-estrategia-para-la","tag-vacunacion-de-las-americas"],"gutentor_comment":0,"_links":{"self":[{"href":"https:\/\/www.notijalapa.net\/noticias\/wp-json\/wp\/v2\/posts\/18527","targetHints":{"allow":["GET"]}}],"collection":[{"href":"https:\/\/www.notijalapa.net\/noticias\/wp-json\/wp\/v2\/posts"}],"about":[{"href":"https:\/\/www.notijalapa.net\/noticias\/wp-json\/wp\/v2\/types\/post"}],"author":[{"embeddable":true,"href":"https:\/\/www.notijalapa.net\/noticias\/wp-json\/wp\/v2\/users\/2"}],"replies":[{"embeddable":true,"href":"https:\/\/www.notijalapa.net\/noticias\/wp-json\/wp\/v2\/comments?post=18527"}],"version-history":[{"count":2,"href":"https:\/\/www.notijalapa.net\/noticias\/wp-json\/wp\/v2\/posts\/18527\/revisions"}],"predecessor-version":[{"id":18536,"href":"https:\/\/www.notijalapa.net\/noticias\/wp-json\/wp\/v2\/posts\/18527\/revisions\/18536"}],"wp:featuredmedia":[{"embeddable":true,"href":"https:\/\/www.notijalapa.net\/noticias\/wp-json\/wp\/v2\/media\/18519"}],"wp:attachment":[{"href":"https:\/\/www.notijalapa.net\/noticias\/wp-json\/wp\/v2\/media?parent=18527"}],"wp:term":[{"taxonomy":"category","embeddable":true,"href":"https:\/\/www.notijalapa.net\/noticias\/wp-json\/wp\/v2\/categories?post=18527"},{"taxonomy":"post_tag","embeddable":true,"href":"https:\/\/www.notijalapa.net\/noticias\/wp-json\/wp\/v2\/tags?post=18527"}],"curies":[{"name":"wp","href":"https:\/\/api.w.org\/{rel}","templated":true}]}}