{"id":18505,"date":"2024-04-23T10:51:38","date_gmt":"2024-04-23T10:51:38","guid":{"rendered":"https:\/\/www.notijalapa.net\/noticias\/?p=18505"},"modified":"2024-04-23T11:01:51","modified_gmt":"2024-04-23T11:01:51","slug":"tendran-una-unidad-movil-de-salud-en-jalapa","status":"publish","type":"post","link":"https:\/\/www.notijalapa.net\/noticias\/2024\/04\/23\/tendran-una-unidad-movil-de-salud-en-jalapa\/","title":{"rendered":"Tendr\u00e1n una unidad m\u00f3vil de salud en Jalapa"},"content":{"rendered":"<p>Dentro del centro de salud iniciaran a tomar acciones preventivas, contaran con dos auxiliares de enfermer\u00eda quienes les dar\u00e1n atenci\u00f3n a trav\u00e9s de la vacunaci\u00f3n a los ni\u00f1os menores de siete a\u00f1os, tambi\u00e9n se colocar\u00e1 la vacuna del DPH, peso y talla, control de mujeres embarazadas, entre otro, seg\u00fan lo dio a conocer el Dr. Carlos Duarte Director del Centro de Salud.<\/p>\n<p><a href=\"https:\/\/www.notijalapa.net\/noticias\/2024\/04\/23\/capturado-por-agredir-a-su-conviviente\/\">MIRA: Capturado por agredir a su conviviente<\/a><\/p>\n<p>Ellos se van a enfocar pr\u00e1cticamente a los 21 programas que manejan en el centro de salud, enfocados a todas estas \u00e1reas del municipio de Jalapa, para dar la atenci\u00f3n integral que todas las personas se merecen y continuar con las acciones en salud, que es de mucha importancia el aplicar los programas de vacunaci\u00f3n, salud mental, entre otros.<\/p>\n<p><iframe loading=\"lazy\" title=\"Tendr\u00e1n una unidad m\u00f3vil de salud en Jalapa\" width=\"640\" height=\"360\" src=\"https:\/\/www.youtube.com\/embed\/0Xuzt-4HgEo?feature=oembed\" frameborder=\"0\" allow=\"accelerometer; autoplay; clipboard-write; encrypted-media; gyroscope; picture-in-picture; web-share\" referrerpolicy=\"strict-origin-when-cross-origin\" allowfullscreen><\/iframe><\/p>\n<p>Saben que hay mucha necesidad, por ello es que iniciara con las acciones preventivas en salud, y ahora con el apoyo de la Direcci\u00f3n de Redes Integradas de Servicios de Salud, van a tener acceso a un servicio m\u00e1s cercano y eso vendr\u00e1 a favorecer a todos con esta cl\u00ednica m\u00f3vil que se tendr\u00e1 en Jalapa, con la cual saldr\u00e1n a todos los lugares del municipio.<\/p>\n<p>El horario de atenci\u00f3n ser\u00e1 de lunes a viernes de 8:30 hasta la 15:30 horas, esos ser\u00e1n los d\u00edas y horarios que la unidad m\u00f3vil de salud estar en atenci\u00f3n a la poblaci\u00f3n jalapaneca a partir de los pr\u00f3ximos d\u00edas.<\/p>\n<p style=\"text-align: center;\"><iframe loading=\"lazy\" style=\"border: none; overflow: hidden;\" src=\"https:\/\/www.facebook.com\/plugins\/post.php?href=https%3A%2F%2Fwww.facebook.com%2Fpermalink.php%3Fstory_fbid%3Dpfbid02SegCdrdmBNNzM1L25gL9MD3fWgMjB7GosXZnfXFiXhGxAAWieykxJ9LALw7yo8h6l%26id%3D100083158940816&amp;show_text=true&amp;width=500&amp;is_preview=true\" width=\"500\" height=\"545\" frameborder=\"0\" scrolling=\"no\" allowfullscreen=\"allowfullscreen\"><\/iframe><\/p>\n","protected":false},"excerpt":{"rendered":"<p>Dentro del centro de salud iniciaran a tomar acciones preventivas, contaran con dos auxiliares de enfermer\u00eda quienes les dar\u00e1n atenci\u00f3n a trav\u00e9s de la vacunaci\u00f3n a los ni\u00f1os menores de siete a\u00f1os, tambi\u00e9n se colocar\u00e1 la vacuna del DPH, peso y talla, control de mujeres embarazadas, entre otro, seg\u00fan lo dio a conocer el Dr. Carlos Duarte Director del Centro de Salud. MIRA: Capturado por agredir a su conviviente Ellos se van a enfocar pr\u00e1cticamente a los 21 programas que manejan en el centro de salud, enfocados a todas estas&hellip;<\/p>\n","protected":false},"author":2,"featured_media":18500,"comment_status":"open","ping_status":"open","sticky":false,"template":"","format":"standard","meta":{"footnotes":""},"categories":[3],"tags":[6253,6252],"class_list":["post-18505","post","type-post","status-publish","format-standard","has-post-thumbnail","hentry","category-locales","tag-de-salud-en-jalapa","tag-tendran-una-unidad-movil"],"gutentor_comment":0,"_links":{"self":[{"href":"https:\/\/www.notijalapa.net\/noticias\/wp-json\/wp\/v2\/posts\/18505","targetHints":{"allow":["GET"]}}],"collection":[{"href":"https:\/\/www.notijalapa.net\/noticias\/wp-json\/wp\/v2\/posts"}],"about":[{"href":"https:\/\/www.notijalapa.net\/noticias\/wp-json\/wp\/v2\/types\/post"}],"author":[{"embeddable":true,"href":"https:\/\/www.notijalapa.net\/noticias\/wp-json\/wp\/v2\/users\/2"}],"replies":[{"embeddable":true,"href":"https:\/\/www.notijalapa.net\/noticias\/wp-json\/wp\/v2\/comments?post=18505"}],"version-history":[{"count":2,"href":"https:\/\/www.notijalapa.net\/noticias\/wp-json\/wp\/v2\/posts\/18505\/revisions"}],"predecessor-version":[{"id":18514,"href":"https:\/\/www.notijalapa.net\/noticias\/wp-json\/wp\/v2\/posts\/18505\/revisions\/18514"}],"wp:featuredmedia":[{"embeddable":true,"href":"https:\/\/www.notijalapa.net\/noticias\/wp-json\/wp\/v2\/media\/18500"}],"wp:attachment":[{"href":"https:\/\/www.notijalapa.net\/noticias\/wp-json\/wp\/v2\/media?parent=18505"}],"wp:term":[{"taxonomy":"category","embeddable":true,"href":"https:\/\/www.notijalapa.net\/noticias\/wp-json\/wp\/v2\/categories?post=18505"},{"taxonomy":"post_tag","embeddable":true,"href":"https:\/\/www.notijalapa.net\/noticias\/wp-json\/wp\/v2\/tags?post=18505"}],"curies":[{"name":"wp","href":"https:\/\/api.w.org\/{rel}","templated":true}]}}