{"id":18433,"date":"2024-04-18T10:55:00","date_gmt":"2024-04-18T10:55:00","guid":{"rendered":"https:\/\/www.notijalapa.net\/noticias\/?p=18433"},"modified":"2024-04-18T11:09:20","modified_gmt":"2024-04-18T11:09:20","slug":"esperan-la-autorizacion-para-el-apoyo-empresarial","status":"publish","type":"post","link":"https:\/\/www.notijalapa.net\/noticias\/2024\/04\/18\/esperan-la-autorizacion-para-el-apoyo-empresarial\/","title":{"rendered":"Esperan la autorizaci\u00f3n para el apoyo empresarial"},"content":{"rendered":"<p>Ellos como ministerio siempre est\u00e1 dispuestos y presentes para el desarrollo econ\u00f3mico local a trav\u00e9s de ciertas acciones que tienen programadas para este a\u00f1o, solamente est\u00e1n a la espera de la autorizaci\u00f3n de lo que ellos han estado proponiendo para apoyar el sector empresarial del departamento de Jalapa, as\u00ed lo dijo el Lic. Marlon Ju\u00e1rez delegado del Ministerio de Econom\u00eda.<\/p>\n<p><a href=\"https:\/\/www.notijalapa.net\/noticias\/2024\/04\/18\/programan-ferias-de-economia-para-este-ano\/\">MIRA: Programan ferias de econom\u00eda para este a\u00f1o<\/a><\/p>\n<p>Est\u00e1n coordinando con la Municipalidad de Jalapa y ONG en acciones que han estado haciendo, por ejemplo, est\u00e1n coordinando con FUNDEBASE en donde est\u00e1n capacitando a varias mujeres en el tema de corte y confecci\u00f3n para que ellas puedan tener sus propios ingresos. En el caso de la Municipalidad que hizo una actividad en la que asistieron como apoyo para hacer un diagn\u00f3stico municipal sobre el desarrollo econ\u00f3mico local para que tengan una gu\u00eda y puedan unificar esfuerzos y tener una mejor utilizaci\u00f3n de los recursos.<\/p>\n<p><iframe loading=\"lazy\" title=\"Esperan la autorizaci\u00f3n para el apoyo empresarial\" width=\"640\" height=\"360\" src=\"https:\/\/www.youtube.com\/embed\/N3-4YvNBGaQ?feature=oembed\" frameborder=\"0\" allow=\"accelerometer; autoplay; clipboard-write; encrypted-media; gyroscope; picture-in-picture; web-share\" referrerpolicy=\"strict-origin-when-cross-origin\" allowfullscreen><\/iframe><\/p>\n<p>As\u00ed mismo, est\u00e1n apoyando el tema de trabajo para las personas, porque han observado la situaci\u00f3n de la poblaci\u00f3n, quiz\u00e1s no a grandes rasgos, porque realmente no cuentan con personal ni con el recurso suficiente como para hacer un estudio profundizado, sin embargo; est\u00e1n tratando de hacer de la mejor manera el an\u00e1lisis para encontrar alternativas para apoyar a los peque\u00f1os empresarios para que puedan desarrollarse y sean m\u00e1s competitivos y tener empleo para las personas, concluy\u00f3.<\/p>\n<p style=\"text-align: center;\"><iframe loading=\"lazy\" style=\"border: none; overflow: hidden;\" src=\"https:\/\/www.facebook.com\/plugins\/post.php?href=https%3A%2F%2Fwww.facebook.com%2Fpermalink.php%3Fstory_fbid%3Dpfbid02UnqyQQei25VwbGEWX5qJobUvgDxrx8mdAaQmFp6M61orADgvf4R5EE7heFdLTkNdl%26id%3D100083158940816&amp;show_text=true&amp;width=500\" width=\"500\" height=\"794\" frameborder=\"0\" scrolling=\"no\" allowfullscreen=\"allowfullscreen\"><\/iframe><\/p>\n","protected":false},"excerpt":{"rendered":"<p>Ellos como ministerio siempre est\u00e1 dispuestos y presentes para el desarrollo econ\u00f3mico local a trav\u00e9s de ciertas acciones que tienen programadas para este a\u00f1o, solamente est\u00e1n a la espera de la autorizaci\u00f3n de lo que ellos han estado proponiendo para apoyar el sector empresarial del departamento de Jalapa, as\u00ed lo dijo el Lic. Marlon Ju\u00e1rez delegado del Ministerio de Econom\u00eda. MIRA: Programan ferias de econom\u00eda para este a\u00f1o Est\u00e1n coordinando con la Municipalidad de Jalapa y ONG en acciones que han estado haciendo, por ejemplo, est\u00e1n coordinando con FUNDEBASE en&hellip;<\/p>\n","protected":false},"author":2,"featured_media":18429,"comment_status":"open","ping_status":"open","sticky":false,"template":"","format":"standard","meta":{"footnotes":""},"categories":[3],"tags":[6221,6222],"class_list":["post-18433","post","type-post","status-publish","format-standard","has-post-thumbnail","hentry","category-locales","tag-esperan-la-autorizacion","tag-para-el-apoyo-empresarial"],"gutentor_comment":0,"_links":{"self":[{"href":"https:\/\/www.notijalapa.net\/noticias\/wp-json\/wp\/v2\/posts\/18433","targetHints":{"allow":["GET"]}}],"collection":[{"href":"https:\/\/www.notijalapa.net\/noticias\/wp-json\/wp\/v2\/posts"}],"about":[{"href":"https:\/\/www.notijalapa.net\/noticias\/wp-json\/wp\/v2\/types\/post"}],"author":[{"embeddable":true,"href":"https:\/\/www.notijalapa.net\/noticias\/wp-json\/wp\/v2\/users\/2"}],"replies":[{"embeddable":true,"href":"https:\/\/www.notijalapa.net\/noticias\/wp-json\/wp\/v2\/comments?post=18433"}],"version-history":[{"count":2,"href":"https:\/\/www.notijalapa.net\/noticias\/wp-json\/wp\/v2\/posts\/18433\/revisions"}],"predecessor-version":[{"id":18448,"href":"https:\/\/www.notijalapa.net\/noticias\/wp-json\/wp\/v2\/posts\/18433\/revisions\/18448"}],"wp:featuredmedia":[{"embeddable":true,"href":"https:\/\/www.notijalapa.net\/noticias\/wp-json\/wp\/v2\/media\/18429"}],"wp:attachment":[{"href":"https:\/\/www.notijalapa.net\/noticias\/wp-json\/wp\/v2\/media?parent=18433"}],"wp:term":[{"taxonomy":"category","embeddable":true,"href":"https:\/\/www.notijalapa.net\/noticias\/wp-json\/wp\/v2\/categories?post=18433"},{"taxonomy":"post_tag","embeddable":true,"href":"https:\/\/www.notijalapa.net\/noticias\/wp-json\/wp\/v2\/tags?post=18433"}],"curies":[{"name":"wp","href":"https:\/\/api.w.org\/{rel}","templated":true}]}}