{"id":17910,"date":"2024-03-14T10:44:14","date_gmt":"2024-03-14T10:44:14","guid":{"rendered":"https:\/\/www.notijalapa.net\/noticias\/?p=17910"},"modified":"2024-03-14T10:54:52","modified_gmt":"2024-03-14T10:54:52","slug":"supervisan-el-primer-mes-de-funcionamiento-de-sede-regional-de-dialisis-peritoneal","status":"publish","type":"post","link":"https:\/\/www.notijalapa.net\/noticias\/2024\/03\/14\/supervisan-el-primer-mes-de-funcionamiento-de-sede-regional-de-dialisis-peritoneal\/","title":{"rendered":"Supervisan el primer mes de funcionamiento de sede regional de Di\u00e1lisis peritoneal"},"content":{"rendered":"<p>El d\u00eda martes 12 de marzo, realizaron la primera visita despu\u00e9s de un mes de la inauguraci\u00f3n de la sede regional en Jalapa, esta visita fue para supervisar el n\u00famero de pacientes que est\u00e1n enviando a la sede regional, el cual se est\u00e1 realizando de una forma escalonada, as\u00ed lo dijo el Dr. Pedro D\u00e1vila director T\u00e9cnico M\u00e9dico de UNAERC.<\/p>\n<p><a href=\"https:\/\/www.notijalapa.net\/noticias\/2024\/03\/14\/capturan-al-presunto-responsable-de-quitarle-la-vida-a-una-persona-en-una-carniceria\/\">MIRA: Capturan al presunto responsable de quitarle la vida a una persona en una carnicer\u00eda<\/a><\/p>\n<p>Actualmente est\u00e1n atendiendo a 130 pacientes, obviamente la di\u00e1lisis peritoneal se debe entender como un procedimiento altamente especializado al cual el sistema de salud no est\u00e1 acostumbrado a tener unidades de este tipo.<\/p>\n<p><iframe loading=\"lazy\" title=\"Supervisan el primer mes de funcionamiento de sede regional de Di\u00e1lisis peritoneal\" width=\"640\" height=\"360\" src=\"https:\/\/www.youtube.com\/embed\/Ugrsy0pGCy8?feature=oembed\" frameborder=\"0\" allow=\"accelerometer; autoplay; clipboard-write; encrypted-media; gyroscope; picture-in-picture; web-share\" referrerpolicy=\"strict-origin-when-cross-origin\" allowfullscreen><\/iframe><\/p>\n<p>Esta es la primera sede que se apertura de di\u00e1lisis peritoneal y se debe trabajar de una forma espaciada, es decir de una forma controlada y estas visitas de supervisi\u00f3n les sirve a ellos para evaluar las necesidades que tiene el personal, mejoras en las instalaciones, en registros de informaci\u00f3n, insumos y la experiencia que han tenido con el n\u00famero de pacientes.<\/p>\n<p>Con eso eval\u00faan y ven si ya se podr\u00eda incrementar la cifra de atenci\u00f3n, actualmente tienen 130 pacientes, pero a final de a\u00f1o se esperan tener unos 500 pacientes de toda la regi\u00f3n.<\/p>\n<p style=\"text-align: center;\"><iframe loading=\"lazy\" style=\"border: none; overflow: hidden;\" src=\"https:\/\/www.facebook.com\/plugins\/post.php?href=https%3A%2F%2Fwww.facebook.com%2Fpermalink.php%3Fstory_fbid%3Dpfbid0264DtqVLZu6nK1TZ1YEDQL6qHWqA9cpZTb693mHZtN6PqCa7Cjo9JVumns5drnAY4l%26id%3D100083158940816&amp;show_text=true&amp;width=500\" width=\"500\" height=\"525\" frameborder=\"0\" scrolling=\"no\" allowfullscreen=\"allowfullscreen\"><\/iframe><\/p>\n","protected":false},"excerpt":{"rendered":"<p>El d\u00eda martes 12 de marzo, realizaron la primera visita despu\u00e9s de un mes de la inauguraci\u00f3n de la sede regional en Jalapa, esta visita fue para supervisar el n\u00famero de pacientes que est\u00e1n enviando a la sede regional, el cual se est\u00e1 realizando de una forma escalonada, as\u00ed lo dijo el Dr. Pedro D\u00e1vila director T\u00e9cnico M\u00e9dico de UNAERC. MIRA: Capturan al presunto responsable de quitarle la vida a una persona en una carnicer\u00eda Actualmente est\u00e1n atendiendo a 130 pacientes, obviamente la di\u00e1lisis peritoneal se debe entender como un&hellip;<\/p>\n","protected":false},"author":2,"featured_media":17900,"comment_status":"open","ping_status":"open","sticky":false,"template":"","format":"standard","meta":{"footnotes":""},"categories":[3],"tags":[6001,6000],"class_list":["post-17910","post","type-post","status-publish","format-standard","has-post-thumbnail","hentry","category-locales","tag-sede-regional-de-dialisis-peritoneal","tag-supervisan-el-primer-mes-de-funcionamiento"],"gutentor_comment":0,"_links":{"self":[{"href":"https:\/\/www.notijalapa.net\/noticias\/wp-json\/wp\/v2\/posts\/17910","targetHints":{"allow":["GET"]}}],"collection":[{"href":"https:\/\/www.notijalapa.net\/noticias\/wp-json\/wp\/v2\/posts"}],"about":[{"href":"https:\/\/www.notijalapa.net\/noticias\/wp-json\/wp\/v2\/types\/post"}],"author":[{"embeddable":true,"href":"https:\/\/www.notijalapa.net\/noticias\/wp-json\/wp\/v2\/users\/2"}],"replies":[{"embeddable":true,"href":"https:\/\/www.notijalapa.net\/noticias\/wp-json\/wp\/v2\/comments?post=17910"}],"version-history":[{"count":3,"href":"https:\/\/www.notijalapa.net\/noticias\/wp-json\/wp\/v2\/posts\/17910\/revisions"}],"predecessor-version":[{"id":17913,"href":"https:\/\/www.notijalapa.net\/noticias\/wp-json\/wp\/v2\/posts\/17910\/revisions\/17913"}],"wp:featuredmedia":[{"embeddable":true,"href":"https:\/\/www.notijalapa.net\/noticias\/wp-json\/wp\/v2\/media\/17900"}],"wp:attachment":[{"href":"https:\/\/www.notijalapa.net\/noticias\/wp-json\/wp\/v2\/media?parent=17910"}],"wp:term":[{"taxonomy":"category","embeddable":true,"href":"https:\/\/www.notijalapa.net\/noticias\/wp-json\/wp\/v2\/categories?post=17910"},{"taxonomy":"post_tag","embeddable":true,"href":"https:\/\/www.notijalapa.net\/noticias\/wp-json\/wp\/v2\/tags?post=17910"}],"curies":[{"name":"wp","href":"https:\/\/api.w.org\/{rel}","templated":true}]}}