{"id":17838,"date":"2024-03-09T12:42:38","date_gmt":"2024-03-09T12:42:38","guid":{"rendered":"https:\/\/www.notijalapa.net\/noticias\/?p=17838"},"modified":"2024-03-09T12:55:08","modified_gmt":"2024-03-09T12:55:08","slug":"dos-personas-fueron-capturadas-en-las-ultimas-horas-2","status":"publish","type":"post","link":"https:\/\/www.notijalapa.net\/noticias\/2024\/03\/09\/dos-personas-fueron-capturadas-en-las-ultimas-horas-2\/","title":{"rendered":"Dos personas fueron capturadas en las \u00faltimas horas"},"content":{"rendered":"<p>En la aldea San Antonio, del municipio de Monjas, Jalapa, fue detenido el se\u00f1or Adelino; de 27 a\u00f1os, al ser sorprendido cuando golpeaba a su conviviente de 25 a\u00f1os, quien fue llevada a la emergencia de un centro asistencial para que fuera atendido por m\u00e9dicos de turno, seg\u00fan el informe de PNC.<\/p>\n<p><a href=\"https:\/\/www.notijalapa.net\/noticias\/2024\/03\/09\/entregan-equipo-para-los-hombres-rana-de-jalapa\/\">MIRA: Entregan equipo para los hombres rana de Jalapa<\/a><\/p>\n<p>Esta persona en los archivos de Polic\u00eda Nacional Civil tiene varias denuncias en su contra acus\u00e1ndolo de cometer varios delitos de robo a mano armada.<\/p>\n<p><iframe loading=\"lazy\" title=\"Dos personas fueron capturadas en las \u00faltimas horas\" width=\"640\" height=\"360\" src=\"https:\/\/www.youtube.com\/embed\/jVDhJHKqMO8?feature=oembed\" frameborder=\"0\" allow=\"accelerometer; autoplay; clipboard-write; encrypted-media; gyroscope; picture-in-picture; web-share\" referrerpolicy=\"strict-origin-when-cross-origin\" allowfullscreen><\/iframe><\/p>\n<p>As\u00ed mismo, fue capturado el se\u00f1or Ramiro; de 56, esta persona fue detenida por investigadores de la Divisi\u00f3n Especializada en Investigaci\u00f3n Criminal en la aldea Buena Vista, San Pedro P\u00ednula, Jalapa, la persona antes en menci\u00f3n es requerida por un juzgado de dicho departamento por el delito conspiraci\u00f3n para el asesinato.<\/p>\n<p>Seg\u00fan las investigaciones realizadas, este sujeto es presunto responsable de haber participado en el ataque armado en contra de dos polic\u00edas, uno de ellos falleci\u00f3. Esto sucedi\u00f3 en el a\u00f1o 2018 en la aldea La Ceiba, del referido municipio.<\/p>\n<p style=\"text-align: center;\"><iframe loading=\"lazy\" style=\"border: none; overflow: hidden;\" src=\"https:\/\/www.facebook.com\/plugins\/post.php?href=https%3A%2F%2Fwww.facebook.com%2Fpermalink.php%3Fstory_fbid%3Dpfbid035NggkFkHX9zResBo5GE5TaL5emNgKjYUDgvfmqTyKRnkhxLrKZeDhEGCmJkUVvKAl%26id%3D100083158940816&amp;show_text=true&amp;width=500\" width=\"500\" height=\"774\" frameborder=\"0\" scrolling=\"no\" allowfullscreen=\"allowfullscreen\"><\/iframe><\/p>\n","protected":false},"excerpt":{"rendered":"<p>En la aldea San Antonio, del municipio de Monjas, Jalapa, fue detenido el se\u00f1or Adelino; de 27 a\u00f1os, al ser sorprendido cuando golpeaba a su conviviente de 25 a\u00f1os, quien fue llevada a la emergencia de un centro asistencial para que fuera atendido por m\u00e9dicos de turno, seg\u00fan el informe de PNC. MIRA: Entregan equipo para los hombres rana de Jalapa Esta persona en los archivos de Polic\u00eda Nacional Civil tiene varias denuncias en su contra acus\u00e1ndolo de cometer varios delitos de robo a mano armada. As\u00ed mismo, fue capturado&hellip;<\/p>\n","protected":false},"author":2,"featured_media":17829,"comment_status":"open","ping_status":"open","sticky":false,"template":"","format":"standard","meta":{"footnotes":""},"categories":[3],"tags":[1701,3271],"class_list":["post-17838","post","type-post","status-publish","format-standard","has-post-thumbnail","hentry","category-locales","tag-dos-personas-fueron-capturadas","tag-en-las-ultimas-horas"],"gutentor_comment":0,"_links":{"self":[{"href":"https:\/\/www.notijalapa.net\/noticias\/wp-json\/wp\/v2\/posts\/17838","targetHints":{"allow":["GET"]}}],"collection":[{"href":"https:\/\/www.notijalapa.net\/noticias\/wp-json\/wp\/v2\/posts"}],"about":[{"href":"https:\/\/www.notijalapa.net\/noticias\/wp-json\/wp\/v2\/types\/post"}],"author":[{"embeddable":true,"href":"https:\/\/www.notijalapa.net\/noticias\/wp-json\/wp\/v2\/users\/2"}],"replies":[{"embeddable":true,"href":"https:\/\/www.notijalapa.net\/noticias\/wp-json\/wp\/v2\/comments?post=17838"}],"version-history":[{"count":2,"href":"https:\/\/www.notijalapa.net\/noticias\/wp-json\/wp\/v2\/posts\/17838\/revisions"}],"predecessor-version":[{"id":17845,"href":"https:\/\/www.notijalapa.net\/noticias\/wp-json\/wp\/v2\/posts\/17838\/revisions\/17845"}],"wp:featuredmedia":[{"embeddable":true,"href":"https:\/\/www.notijalapa.net\/noticias\/wp-json\/wp\/v2\/media\/17829"}],"wp:attachment":[{"href":"https:\/\/www.notijalapa.net\/noticias\/wp-json\/wp\/v2\/media?parent=17838"}],"wp:term":[{"taxonomy":"category","embeddable":true,"href":"https:\/\/www.notijalapa.net\/noticias\/wp-json\/wp\/v2\/categories?post=17838"},{"taxonomy":"post_tag","embeddable":true,"href":"https:\/\/www.notijalapa.net\/noticias\/wp-json\/wp\/v2\/tags?post=17838"}],"curies":[{"name":"wp","href":"https:\/\/api.w.org\/{rel}","templated":true}]}}