{"id":17836,"date":"2024-03-09T12:41:43","date_gmt":"2024-03-09T12:41:43","guid":{"rendered":"https:\/\/www.notijalapa.net\/noticias\/?p=17836"},"modified":"2024-03-09T12:56:23","modified_gmt":"2024-03-09T12:56:23","slug":"conmemoraran-el-dia-internacional-del-rinon","status":"publish","type":"post","link":"https:\/\/www.notijalapa.net\/noticias\/2024\/03\/09\/conmemoraran-el-dia-internacional-del-rinon\/","title":{"rendered":"Conmemoraran el d\u00eda internacional del Ri\u00f1\u00f3n"},"content":{"rendered":"<p>El d\u00eda 14 de marzo se celebra el d\u00eda del ri\u00f1\u00f3n, est\u00e1n planificando unas actividades para dar a conocer al pueblo de Jalapa que en el mes de marzo la Unidad Nacional de Atenci\u00f3n al Enfermo Renal Cr\u00f3nico celebra el d\u00eda internacional del ri\u00f1\u00f3n, seg\u00fan lo dio a conocer el Lic. Rene G\u00f3mez Coordinador de Sede Regional de Di\u00e1lisis Peritoneal de Jalapa.<\/p>\n<p><a href=\"https:\/\/www.notijalapa.net\/noticias\/2024\/03\/09\/continuan-capacitando-a-mujeres\/\">MIRA: Contin\u00faan capacitando a mujeres<\/a><\/p>\n<p>Para celebrar este d\u00eda har\u00e1n una caminata y una actividad de prevenci\u00f3n, para estar haciendo una serie de procedimientos m\u00e9dicos en los cuales se puedan detectar familiares de los pacientes renales, para que ellos no tengan la necesidad de llegar a di\u00e1lisis peritoneal o hemodi\u00e1lisis y si llegan a detectar da\u00f1o en los ri\u00f1ones, poder darles su tratamiento a tiempo.<\/p>\n<p><iframe loading=\"lazy\" title=\"Conmemoraran el d\u00eda internacional del Ri\u00f1\u00f3n\" width=\"640\" height=\"360\" src=\"https:\/\/www.youtube.com\/embed\/2MOOdbZYSQ4?feature=oembed\" frameborder=\"0\" allow=\"accelerometer; autoplay; clipboard-write; encrypted-media; gyroscope; picture-in-picture; web-share\" referrerpolicy=\"strict-origin-when-cross-origin\" allowfullscreen><\/iframe><\/p>\n<p>Para estas actividades a\u00fan est\u00e1n en la log\u00edstica, piensan hacerlo el d\u00eda jueves 14, recorrer\u00e1n por algunas calles de Jalapa y culminar\u00e1n en el parque central con una charla de prevenci\u00f3n a estas enfermedades renales. Estas charlas las impartir\u00e1n personas profesionales en la materia, el Dr. Rony Escobar, quien es especialista en nefrolog\u00eda en UNAERC Jalapa y tambi\u00e9n otros m\u00e9dicos internistas, pero para la actividad de prevenci\u00f3n a\u00fan no tienen fecha.<\/p>\n<p style=\"text-align: center;\"><iframe loading=\"lazy\" style=\"border: none; overflow: hidden;\" src=\"https:\/\/www.facebook.com\/plugins\/post.php?href=https%3A%2F%2Fwww.facebook.com%2Fpermalink.php%3Fstory_fbid%3Dpfbid013WBEZey8pDHNRmPE9tDu4P7wNyUjPuTJbkZV1bLUjCzcAd7exPQgrnRCN4Q9bdFl%26id%3D100083158940816&amp;show_text=true&amp;width=500\" width=\"500\" height=\"564\" frameborder=\"0\" scrolling=\"no\" allowfullscreen=\"allowfullscreen\"><\/iframe><\/p>\n","protected":false},"excerpt":{"rendered":"<p>El d\u00eda 14 de marzo se celebra el d\u00eda del ri\u00f1\u00f3n, est\u00e1n planificando unas actividades para dar a conocer al pueblo de Jalapa que en el mes de marzo la Unidad Nacional de Atenci\u00f3n al Enfermo Renal Cr\u00f3nico celebra el d\u00eda internacional del ri\u00f1\u00f3n, seg\u00fan lo dio a conocer el Lic. Rene G\u00f3mez Coordinador de Sede Regional de Di\u00e1lisis Peritoneal de Jalapa. MIRA: Contin\u00faan capacitando a mujeres Para celebrar este d\u00eda har\u00e1n una caminata y una actividad de prevenci\u00f3n, para estar haciendo una serie de procedimientos m\u00e9dicos en los cuales&hellip;<\/p>\n","protected":false},"author":2,"featured_media":17828,"comment_status":"open","ping_status":"open","sticky":false,"template":"","format":"standard","meta":{"footnotes":""},"categories":[3],"tags":[3377,5967],"class_list":["post-17836","post","type-post","status-publish","format-standard","has-post-thumbnail","hentry","category-locales","tag-conmemoraran-el-dia-internacional","tag-del-rinon"],"gutentor_comment":0,"_links":{"self":[{"href":"https:\/\/www.notijalapa.net\/noticias\/wp-json\/wp\/v2\/posts\/17836","targetHints":{"allow":["GET"]}}],"collection":[{"href":"https:\/\/www.notijalapa.net\/noticias\/wp-json\/wp\/v2\/posts"}],"about":[{"href":"https:\/\/www.notijalapa.net\/noticias\/wp-json\/wp\/v2\/types\/post"}],"author":[{"embeddable":true,"href":"https:\/\/www.notijalapa.net\/noticias\/wp-json\/wp\/v2\/users\/2"}],"replies":[{"embeddable":true,"href":"https:\/\/www.notijalapa.net\/noticias\/wp-json\/wp\/v2\/comments?post=17836"}],"version-history":[{"count":2,"href":"https:\/\/www.notijalapa.net\/noticias\/wp-json\/wp\/v2\/posts\/17836\/revisions"}],"predecessor-version":[{"id":17846,"href":"https:\/\/www.notijalapa.net\/noticias\/wp-json\/wp\/v2\/posts\/17836\/revisions\/17846"}],"wp:featuredmedia":[{"embeddable":true,"href":"https:\/\/www.notijalapa.net\/noticias\/wp-json\/wp\/v2\/media\/17828"}],"wp:attachment":[{"href":"https:\/\/www.notijalapa.net\/noticias\/wp-json\/wp\/v2\/media?parent=17836"}],"wp:term":[{"taxonomy":"category","embeddable":true,"href":"https:\/\/www.notijalapa.net\/noticias\/wp-json\/wp\/v2\/categories?post=17836"},{"taxonomy":"post_tag","embeddable":true,"href":"https:\/\/www.notijalapa.net\/noticias\/wp-json\/wp\/v2\/tags?post=17836"}],"curies":[{"name":"wp","href":"https:\/\/api.w.org\/{rel}","templated":true}]}}