{"id":17834,"date":"2024-03-09T12:40:51","date_gmt":"2024-03-09T12:40:51","guid":{"rendered":"https:\/\/www.notijalapa.net\/noticias\/?p=17834"},"modified":"2024-03-09T12:57:25","modified_gmt":"2024-03-09T12:57:25","slug":"continuan-capacitando-a-mujeres","status":"publish","type":"post","link":"https:\/\/www.notijalapa.net\/noticias\/2024\/03\/09\/continuan-capacitando-a-mujeres\/","title":{"rendered":"Contin\u00faan capacitando a mujeres"},"content":{"rendered":"<p>Est\u00e1n bajo cuatro programas muy especiales en los que est\u00e1n trabajando, uno de ellos es denominado mujeres defendiendo a mujeres y es b\u00e1sicamente el empoderamiento de mujeres claves a las que le llaman promotoras jur\u00eddicas, para que a nivel comunitario ellas les brinden informaci\u00f3n y asesor\u00eda a otras mujeres que tienen menos acceso sobre la prevenci\u00f3n de violencia basada en g\u00e9nero, as\u00ed lo dijo la Licda. Tracy M\u00e9ndez Sarabia directora de Colectivo Joven.<\/p>\n<p><a href=\"https:\/\/www.notijalapa.net\/noticias\/2024\/03\/09\/conmemoraran-el-dia-internacional-del-rinon\/\">MIRA: Conmemoraran el d\u00eda internacional del Ri\u00f1\u00f3n<\/a><\/p>\n<p>Gracias a este programa han logrado apoyar en asesor\u00eda legales y judializaci\u00f3n de varios casos en diferentes formas de violencia. Est\u00e1n en Jalapa y Jutiapa con este programa con m\u00e1s de dos mil mujeres comunitarias de todas las edades que son beneficiarias. Tambi\u00e9n tienen el programa de emprendimiento y prevenci\u00f3n de la migraci\u00f3n irregular, en donde participan m\u00e1s de 500 adolescentes y j\u00f3venes conociendo temas de empleabilidad, emprendimiento, procesos largos de un a\u00f1o, como acudir a sus primeras citas laborales, entre otras.<\/p>\n<p><iframe loading=\"lazy\" title=\"Contin\u00faan capacitando a mujeres\" width=\"640\" height=\"360\" src=\"https:\/\/www.youtube.com\/embed\/Run60HHOE0A?feature=oembed\" frameborder=\"0\" allow=\"accelerometer; autoplay; clipboard-write; encrypted-media; gyroscope; picture-in-picture; web-share\" referrerpolicy=\"strict-origin-when-cross-origin\" allowfullscreen><\/iframe><\/p>\n<p>Lo interesante de estos procesos es que los j\u00f3venes se empoderan, algunos para ser emprendedores y tambi\u00e9n se les pueden dar unos insumos para su primer emprendimiento, ellos los apoyan en cubrir esa parte y se les habla mucho de las diferentes formas o los riesgos de la migraci\u00f3n irregular, lo que podr\u00eda pasar en el camino y varias herramientas de prevenci\u00f3n, porque migrar tambi\u00e9n es un derecho humano.<\/p>\n<p>Est\u00e1n trabajando con un grupo de m\u00e1s de 500 adolescentes y j\u00f3venes que son proveedores y promotores de temas de salud a quienes capacitan para la prevenci\u00f3n de los embarazos a temprana edad, el VIH, las infecciones de transmisi\u00f3n sexual y temas de salud mental. A trav\u00e9s de estos j\u00f3venes se pueden dar estas pl\u00e1ticas a m\u00e1s establecimientos y padres de ellos mismos con los que se comparte.<\/p>\n<p>En t\u00e9rminos generales tienen el programa de participaci\u00f3n ciudadana en donde los j\u00f3venes se empoderan para realizar diferentes procesos de ciencia pol\u00edtica o participaci\u00f3n dentro de su comunidad y tienen un grupo de ni\u00f1as y adolescentes con las que tratan de darles diferentes insumos y herramientas para que ellas puedan prevenir la deserci\u00f3n escolar y hablar con otras ni\u00f1as sobre la importancia de mantenerse en el sistema educativo.<\/p>\n<p style=\"text-align: center;\"><iframe loading=\"lazy\" style=\"border: none; overflow: hidden;\" src=\"https:\/\/www.facebook.com\/plugins\/post.php?href=https%3A%2F%2Fwww.facebook.com%2Fpermalink.php%3Fstory_fbid%3Dpfbid02fMvoqdcU2Px4SM9oGrUaQe52rBQB2a4xcwopxbE4jWdnLSWLFs3dQDSChcYgt58Xl%26id%3D100083158940816&amp;show_text=true&amp;width=500\" width=\"500\" height=\"794\" frameborder=\"0\" scrolling=\"no\" allowfullscreen=\"allowfullscreen\"><\/iframe><\/p>\n","protected":false},"excerpt":{"rendered":"<p>Est\u00e1n bajo cuatro programas muy especiales en los que est\u00e1n trabajando, uno de ellos es denominado mujeres defendiendo a mujeres y es b\u00e1sicamente el empoderamiento de mujeres claves a las que le llaman promotoras jur\u00eddicas, para que a nivel comunitario ellas les brinden informaci\u00f3n y asesor\u00eda a otras mujeres que tienen menos acceso sobre la prevenci\u00f3n de violencia basada en g\u00e9nero, as\u00ed lo dijo la Licda. Tracy M\u00e9ndez Sarabia directora de Colectivo Joven. MIRA: Conmemoraran el d\u00eda internacional del Ri\u00f1\u00f3n Gracias a este programa han logrado apoyar en asesor\u00eda legales&hellip;<\/p>\n","protected":false},"author":2,"featured_media":17827,"comment_status":"open","ping_status":"open","sticky":false,"template":"","format":"standard","meta":{"footnotes":""},"categories":[3],"tags":[5966,5287],"class_list":["post-17834","post","type-post","status-publish","format-standard","has-post-thumbnail","hentry","category-locales","tag-a-mujeres","tag-continuan-capacitando"],"gutentor_comment":0,"_links":{"self":[{"href":"https:\/\/www.notijalapa.net\/noticias\/wp-json\/wp\/v2\/posts\/17834","targetHints":{"allow":["GET"]}}],"collection":[{"href":"https:\/\/www.notijalapa.net\/noticias\/wp-json\/wp\/v2\/posts"}],"about":[{"href":"https:\/\/www.notijalapa.net\/noticias\/wp-json\/wp\/v2\/types\/post"}],"author":[{"embeddable":true,"href":"https:\/\/www.notijalapa.net\/noticias\/wp-json\/wp\/v2\/users\/2"}],"replies":[{"embeddable":true,"href":"https:\/\/www.notijalapa.net\/noticias\/wp-json\/wp\/v2\/comments?post=17834"}],"version-history":[{"count":2,"href":"https:\/\/www.notijalapa.net\/noticias\/wp-json\/wp\/v2\/posts\/17834\/revisions"}],"predecessor-version":[{"id":17847,"href":"https:\/\/www.notijalapa.net\/noticias\/wp-json\/wp\/v2\/posts\/17834\/revisions\/17847"}],"wp:featuredmedia":[{"embeddable":true,"href":"https:\/\/www.notijalapa.net\/noticias\/wp-json\/wp\/v2\/media\/17827"}],"wp:attachment":[{"href":"https:\/\/www.notijalapa.net\/noticias\/wp-json\/wp\/v2\/media?parent=17834"}],"wp:term":[{"taxonomy":"category","embeddable":true,"href":"https:\/\/www.notijalapa.net\/noticias\/wp-json\/wp\/v2\/categories?post=17834"},{"taxonomy":"post_tag","embeddable":true,"href":"https:\/\/www.notijalapa.net\/noticias\/wp-json\/wp\/v2\/tags?post=17834"}],"curies":[{"name":"wp","href":"https:\/\/api.w.org\/{rel}","templated":true}]}}