{"id":17758,"date":"2024-03-06T10:41:45","date_gmt":"2024-03-06T10:41:45","guid":{"rendered":"https:\/\/www.notijalapa.net\/noticias\/?p=17758"},"modified":"2024-03-06T10:58:02","modified_gmt":"2024-03-06T10:58:02","slug":"se-preparan-ya-para-las-competencias-de-atletismo","status":"publish","type":"post","link":"https:\/\/www.notijalapa.net\/noticias\/2024\/03\/06\/se-preparan-ya-para-las-competencias-de-atletismo\/","title":{"rendered":"Se preparan ya para las competencias de atletismo"},"content":{"rendered":"<p>Este a\u00f1o oficialmente ya les dieron el calendario de competencias, la primera la tienen en el departamento de Zacapa el 23 de marzo, ya est\u00e1n pr\u00f3ximos a iniciar la fase de clasificaci\u00f3n para todos los atletas que este a\u00f1o ir\u00e1n a los juegos nacionales, seg\u00fan lo dio a conocer Marco Antonio Estrada entrenador de atletismo.<\/p>\n<p><a href=\"https:\/\/www.notijalapa.net\/noticias\/2024\/03\/06\/buscan-mejorar-las-companias-y-equiparlas\/\">MIRA: Buscan mejorar las compa\u00f1\u00edas y equiparlas<\/a><\/p>\n<p>Por el momento ellos est\u00e1n inscribiendo un total de 50 atletas, esperan llevarlos a todos, tendr\u00edan que conseguir un transporte en donde los puedan llevar a todos en un solo viaje y no llevar dos o tres buses, igualmente esperando que los atletas den los resultados que los entrenadores buscan.<\/p>\n<p><iframe loading=\"lazy\" title=\"Se preparan ya para las competencias de atletismo\" width=\"640\" height=\"360\" src=\"https:\/\/www.youtube.com\/embed\/29Qhab0ozns?feature=oembed\" frameborder=\"0\" allow=\"accelerometer; autoplay; clipboard-write; encrypted-media; gyroscope; picture-in-picture; web-share\" referrerpolicy=\"strict-origin-when-cross-origin\" allowfullscreen><\/iframe><\/p>\n<p>El profesor Luis Hern\u00e1ndez ha sido uno de los que ha trabajado bastante con los lanzamientos, ahorita est\u00e1n incorporando los saltos y vallas, les preocupa un poco el tema de la pista, debido a que unas veces los atletas que son velocistas se lesionan r\u00e1pido, porque la pista en este momento no est\u00e1 en buenas condiciones. Ellos esperan que la CDAG se de cuenta de los resultados que tiene Jalapa y que los pueda apoyar para que en su oportunidad planifiquen hacer la pista de tart\u00e1n.<\/p>\n<p style=\"text-align: center;\"><iframe loading=\"lazy\" style=\"border: none; overflow: hidden;\" src=\"https:\/\/www.facebook.com\/plugins\/post.php?href=https%3A%2F%2Fwww.facebook.com%2Fpermalink.php%3Fstory_fbid%3Dpfbid0cr8dXMP6iv5SK2QsC2GFtPD9nYaRznmdQb8ayfBz9re2yKyvqc9Ef4mh7937t4Zhl%26id%3D100083158940816&amp;show_text=true&amp;width=500\" width=\"500\" height=\"545\" frameborder=\"0\" scrolling=\"no\" allowfullscreen=\"allowfullscreen\"><\/iframe><\/p>\n","protected":false},"excerpt":{"rendered":"<p>Este a\u00f1o oficialmente ya les dieron el calendario de competencias, la primera la tienen en el departamento de Zacapa el 23 de marzo, ya est\u00e1n pr\u00f3ximos a iniciar la fase de clasificaci\u00f3n para todos los atletas que este a\u00f1o ir\u00e1n a los juegos nacionales, seg\u00fan lo dio a conocer Marco Antonio Estrada entrenador de atletismo. MIRA: Buscan mejorar las compa\u00f1\u00edas y equiparlas Por el momento ellos est\u00e1n inscribiendo un total de 50 atletas, esperan llevarlos a todos, tendr\u00edan que conseguir un transporte en donde los puedan llevar a todos en&hellip;<\/p>\n","protected":false},"author":2,"featured_media":17751,"comment_status":"open","ping_status":"open","sticky":false,"template":"","format":"standard","meta":{"footnotes":""},"categories":[3],"tags":[5938,5937],"class_list":["post-17758","post","type-post","status-publish","format-standard","has-post-thumbnail","hentry","category-locales","tag-competencias-de-atletismo","tag-se-preparan-ya-para-las"],"gutentor_comment":0,"_links":{"self":[{"href":"https:\/\/www.notijalapa.net\/noticias\/wp-json\/wp\/v2\/posts\/17758","targetHints":{"allow":["GET"]}}],"collection":[{"href":"https:\/\/www.notijalapa.net\/noticias\/wp-json\/wp\/v2\/posts"}],"about":[{"href":"https:\/\/www.notijalapa.net\/noticias\/wp-json\/wp\/v2\/types\/post"}],"author":[{"embeddable":true,"href":"https:\/\/www.notijalapa.net\/noticias\/wp-json\/wp\/v2\/users\/2"}],"replies":[{"embeddable":true,"href":"https:\/\/www.notijalapa.net\/noticias\/wp-json\/wp\/v2\/comments?post=17758"}],"version-history":[{"count":2,"href":"https:\/\/www.notijalapa.net\/noticias\/wp-json\/wp\/v2\/posts\/17758\/revisions"}],"predecessor-version":[{"id":17770,"href":"https:\/\/www.notijalapa.net\/noticias\/wp-json\/wp\/v2\/posts\/17758\/revisions\/17770"}],"wp:featuredmedia":[{"embeddable":true,"href":"https:\/\/www.notijalapa.net\/noticias\/wp-json\/wp\/v2\/media\/17751"}],"wp:attachment":[{"href":"https:\/\/www.notijalapa.net\/noticias\/wp-json\/wp\/v2\/media?parent=17758"}],"wp:term":[{"taxonomy":"category","embeddable":true,"href":"https:\/\/www.notijalapa.net\/noticias\/wp-json\/wp\/v2\/categories?post=17758"},{"taxonomy":"post_tag","embeddable":true,"href":"https:\/\/www.notijalapa.net\/noticias\/wp-json\/wp\/v2\/tags?post=17758"}],"curies":[{"name":"wp","href":"https:\/\/api.w.org\/{rel}","templated":true}]}}