{"id":1774,"date":"2021-11-30T12:48:09","date_gmt":"2021-11-30T12:48:09","guid":{"rendered":"https:\/\/www.notijalapa.net\/noticias\/?p=1774"},"modified":"2021-11-30T12:57:19","modified_gmt":"2021-11-30T12:57:19","slug":"continuan-apoyando-a-los-jovenes-para-que-puedan-emprender-su-negocio","status":"publish","type":"post","link":"https:\/\/www.notijalapa.net\/noticias\/2021\/11\/30\/continuan-apoyando-a-los-jovenes-para-que-puedan-emprender-su-negocio\/","title":{"rendered":"Contin\u00faan apoyando a los j\u00f3venes para que puedan emprender su negocio"},"content":{"rendered":"<p>Este lunes contin\u00faan con el festival \u201cEMPRENDE TU NEGOCIO\u201d con el cual la organizaci\u00f3n no gubernamental busca apoyar a j\u00f3venes para que puedan iniciar su propio negocio en las comunidades donde tienen cobertura, seg\u00fan lo dio a conocer el Lic. Antonio Salguero Gerente de Plan Internacional.<\/p>\n<p><a href=\"https:\/\/www.notijalapa.net\/noticias\/2021\/11\/30\/cambia-el-semaforo-epidemiologico-y-se-reportan-siete-casos-de-covid-19\/\">MIRA: Cambia el sem\u00e1foro epidemiol\u00f3gico y se reportan siete casos de Covid-19<\/a><\/p>\n<p>Son 120 j\u00f3venes, los que estuvieron exponiendo ante una terna la idea o el negocio que tienen, para luego evaluarla y que Plan pueda apoyarlos d\u00e1ndoles un capital semilla de hasta 5,600 quetzales.<\/p>\n<p><iframe loading=\"lazy\" title=\"Contin\u00faan Apoyando A Los J\u00f3venes Para Que Puedan Emprender Su Negocio 1\" width=\"640\" height=\"360\" src=\"https:\/\/www.youtube.com\/embed\/kkhf5uymG90?feature=oembed\" frameborder=\"0\" allow=\"accelerometer; autoplay; clipboard-write; encrypted-media; gyroscope; picture-in-picture; web-share\" referrerpolicy=\"strict-origin-when-cross-origin\" allowfullscreen><\/iframe><\/p>\n<p>De los 120 j\u00f3venes que estuvieron presentando su unidad de negocio y el emprendimiento que quieren llevar a su comunidad, 60 estar\u00e1n siendo apoyados por Plan Internacional.<\/p>\n<p>Este proceso viene desde hace un a\u00f1o d\u00e1ndoles capacitaciones, y ahora apoyarlos con un capital semilla, para que puedan seguir emprendiendo su negocio, as\u00ed mismo invitan a m\u00e1s j\u00f3venes de los municipios de San Luis Jilotepeque, San Carlos Alzatate y San Pedro Pinula, para que puedan inscribirse y puedan ser parte de este proceso.<\/p>\n<p style=\"text-align: center;\"><iframe loading=\"lazy\" style=\"border: none; overflow: hidden;\" src=\"https:\/\/www.facebook.com\/plugins\/post.php?href=https%3A%2F%2Fwww.facebook.com%2Fpermalink.php%3Fstory_fbid%3D4611604335622348%26id%3D541551329294356&amp;show_text=true&amp;width=500\" width=\"500\" height=\"792\" frameborder=\"0\" scrolling=\"no\" allowfullscreen=\"allowfullscreen\"><\/iframe><\/p>\n","protected":false},"excerpt":{"rendered":"<p>Este lunes contin\u00faan con el festival \u201cEMPRENDE TU NEGOCIO\u201d con el cual la organizaci\u00f3n no gubernamental busca apoyar a j\u00f3venes para que puedan iniciar su propio negocio en las comunidades donde tienen cobertura, seg\u00fan lo dio a conocer el Lic. Antonio Salguero Gerente de Plan Internacional. MIRA: Cambia el sem\u00e1foro epidemiol\u00f3gico y se reportan siete casos de Covid-19 Son 120 j\u00f3venes, los que estuvieron exponiendo ante una terna la idea o el negocio que tienen, para luego evaluarla y que Plan pueda apoyarlos d\u00e1ndoles un capital semilla de hasta 5,600&hellip;<\/p>\n","protected":false},"author":2,"featured_media":1767,"comment_status":"open","ping_status":"open","sticky":false,"template":"","format":"standard","meta":{"footnotes":""},"categories":[3],"tags":[266,265],"class_list":["post-1774","post","type-post","status-publish","format-standard","has-post-thumbnail","hentry","category-locales","tag-apoyar-a-jovenes","tag-emprende-tu-negocio"],"gutentor_comment":0,"_links":{"self":[{"href":"https:\/\/www.notijalapa.net\/noticias\/wp-json\/wp\/v2\/posts\/1774","targetHints":{"allow":["GET"]}}],"collection":[{"href":"https:\/\/www.notijalapa.net\/noticias\/wp-json\/wp\/v2\/posts"}],"about":[{"href":"https:\/\/www.notijalapa.net\/noticias\/wp-json\/wp\/v2\/types\/post"}],"author":[{"embeddable":true,"href":"https:\/\/www.notijalapa.net\/noticias\/wp-json\/wp\/v2\/users\/2"}],"replies":[{"embeddable":true,"href":"https:\/\/www.notijalapa.net\/noticias\/wp-json\/wp\/v2\/comments?post=1774"}],"version-history":[{"count":2,"href":"https:\/\/www.notijalapa.net\/noticias\/wp-json\/wp\/v2\/posts\/1774\/revisions"}],"predecessor-version":[{"id":1780,"href":"https:\/\/www.notijalapa.net\/noticias\/wp-json\/wp\/v2\/posts\/1774\/revisions\/1780"}],"wp:featuredmedia":[{"embeddable":true,"href":"https:\/\/www.notijalapa.net\/noticias\/wp-json\/wp\/v2\/media\/1767"}],"wp:attachment":[{"href":"https:\/\/www.notijalapa.net\/noticias\/wp-json\/wp\/v2\/media?parent=1774"}],"wp:term":[{"taxonomy":"category","embeddable":true,"href":"https:\/\/www.notijalapa.net\/noticias\/wp-json\/wp\/v2\/categories?post=1774"},{"taxonomy":"post_tag","embeddable":true,"href":"https:\/\/www.notijalapa.net\/noticias\/wp-json\/wp\/v2\/tags?post=1774"}],"curies":[{"name":"wp","href":"https:\/\/api.w.org\/{rel}","templated":true}]}}