{"id":17615,"date":"2024-02-27T10:44:34","date_gmt":"2024-02-27T10:44:34","guid":{"rendered":"https:\/\/www.notijalapa.net\/noticias\/?p=17615"},"modified":"2024-02-27T10:54:32","modified_gmt":"2024-02-27T10:54:32","slug":"aun-no-hay-terna-aunque-ya-evaluaron-los-expedientes-para-gobernador","status":"publish","type":"post","link":"https:\/\/www.notijalapa.net\/noticias\/2024\/02\/27\/aun-no-hay-terna-aunque-ya-evaluaron-los-expedientes-para-gobernador\/","title":{"rendered":"A\u00fan no hay terna, aunque ya evaluaron los expedientes para gobernador"},"content":{"rendered":"<p>Ya tiene un diagn\u00f3stico de cada uno de los candidatos, eso fue el tiempo que les permiti\u00f3 el d\u00eda de la suspensi\u00f3n de la actividad de CODEDE, ya tienen una lectura de los 35 expedientes y el d\u00eda lunes 26 de febrero tuvieron una reuni\u00f3n con sociedad civil para establecer estrategias, ver cu\u00e1l ser\u00e1 el punto de elecci\u00f3n y para convocar el pleno del CODEDE posteriormente, seg\u00fan lo dio a conocer el Lic. V\u00edctor Portillo representante de Universidad de San Carlos de Guatemala ante el CODEDE.<\/p>\n<p><a href=\"https:\/\/www.notijalapa.net\/noticias\/2024\/02\/27\/cinco-personas-fueron-a-prision-el-pasado-fin-de-semana\/\">MIRA: Cinco personas fueron a prisi\u00f3n el pasado fin de semana<\/a><\/p>\n<p>Hasta el momento cada uno de los integrantes tiene la lectura de cada uno de los candidatos, sus fortalezas y debilidades, ya que eso puede ser muy valiosos al momento de tomar la decisi\u00f3n de la elecci\u00f3n de la terna y la terna suplente de gobernador departamental de Jalapa. Hay una forma cualitativa, hay varios expedientes buenos y otros no tan buenos o que les falta informaci\u00f3n, pero la elecci\u00f3n en este punto es de consejos de desarrollo y sociedad civil, tomando en cuenta los elementos b\u00e1sicos de perfil profesional, tener una experiencia administrativa, tener una empat\u00eda con la sociedad y tener un plan de trabajo que establezca que es lo que va proponer al departamento de Jalapa.<\/p>\n<p><iframe loading=\"lazy\" title=\"A\u00fan no hay terna, aunque ya evaluaron los expedientes para gobernador\" width=\"640\" height=\"360\" src=\"https:\/\/www.youtube.com\/embed\/YUyxzCHgLHg?feature=oembed\" frameborder=\"0\" allow=\"accelerometer; autoplay; clipboard-write; encrypted-media; gyroscope; picture-in-picture; web-share\" referrerpolicy=\"strict-origin-when-cross-origin\" allowfullscreen><\/iframe><\/p>\n<p>Todos los elementos antes mencionados fueron tomados en cuenta al momento de analizar las fortalezas y debilidades de los candidatos y es un insumo para hacer la elecci\u00f3n final de la terna de gobernador. El \u00faltimo d\u00eda para presentar quienes ir\u00e1n al despacho del presidente es el 1 de marzo, pero no se quedar\u00e1n hasta ese d\u00eda, consideran que pueda ser antes, tendr\u00e1n el pleno en la reuni\u00f3n de sociedad civil para establecer estrategias y solicitar a gobernaci\u00f3n para que hagan la convocatoria de los integrantes de CODEDE.<\/p>\n<p style=\"text-align: center;\"><iframe loading=\"lazy\" style=\"border: none; overflow: hidden;\" src=\"https:\/\/www.facebook.com\/plugins\/post.php?href=https%3A%2F%2Fwww.facebook.com%2Fpermalink.php%3Fstory_fbid%3Dpfbid02xsMj4kBYFQiE95VwQEAVs73KSTte7KfeRhwyNVMYKWnWMVuuTwoCyUY8onEw88Ryl%26id%3D100083158940816&amp;show_text=true&amp;width=500\" width=\"500\" height=\"525\" frameborder=\"0\" scrolling=\"no\" allowfullscreen=\"allowfullscreen\"><\/iframe><\/p>\n","protected":false},"excerpt":{"rendered":"<p>Ya tiene un diagn\u00f3stico de cada uno de los candidatos, eso fue el tiempo que les permiti\u00f3 el d\u00eda de la suspensi\u00f3n de la actividad de CODEDE, ya tienen una lectura de los 35 expedientes y el d\u00eda lunes 26 de febrero tuvieron una reuni\u00f3n con sociedad civil para establecer estrategias, ver cu\u00e1l ser\u00e1 el punto de elecci\u00f3n y para convocar el pleno del CODEDE posteriormente, seg\u00fan lo dio a conocer el Lic. V\u00edctor Portillo representante de Universidad de San Carlos de Guatemala ante el CODEDE. MIRA: Cinco personas fueron&hellip;<\/p>\n","protected":false},"author":2,"featured_media":17605,"comment_status":"open","ping_status":"open","sticky":false,"template":"","format":"standard","meta":{"footnotes":""},"categories":[3],"tags":[5874,5875,5876],"class_list":["post-17615","post","type-post","status-publish","format-standard","has-post-thumbnail","hentry","category-locales","tag-aun-no-hay-terna","tag-aunque-ya-evaluaron","tag-los-expedientes-para-gobernador"],"gutentor_comment":0,"_links":{"self":[{"href":"https:\/\/www.notijalapa.net\/noticias\/wp-json\/wp\/v2\/posts\/17615","targetHints":{"allow":["GET"]}}],"collection":[{"href":"https:\/\/www.notijalapa.net\/noticias\/wp-json\/wp\/v2\/posts"}],"about":[{"href":"https:\/\/www.notijalapa.net\/noticias\/wp-json\/wp\/v2\/types\/post"}],"author":[{"embeddable":true,"href":"https:\/\/www.notijalapa.net\/noticias\/wp-json\/wp\/v2\/users\/2"}],"replies":[{"embeddable":true,"href":"https:\/\/www.notijalapa.net\/noticias\/wp-json\/wp\/v2\/comments?post=17615"}],"version-history":[{"count":3,"href":"https:\/\/www.notijalapa.net\/noticias\/wp-json\/wp\/v2\/posts\/17615\/revisions"}],"predecessor-version":[{"id":17618,"href":"https:\/\/www.notijalapa.net\/noticias\/wp-json\/wp\/v2\/posts\/17615\/revisions\/17618"}],"wp:featuredmedia":[{"embeddable":true,"href":"https:\/\/www.notijalapa.net\/noticias\/wp-json\/wp\/v2\/media\/17605"}],"wp:attachment":[{"href":"https:\/\/www.notijalapa.net\/noticias\/wp-json\/wp\/v2\/media?parent=17615"}],"wp:term":[{"taxonomy":"category","embeddable":true,"href":"https:\/\/www.notijalapa.net\/noticias\/wp-json\/wp\/v2\/categories?post=17615"},{"taxonomy":"post_tag","embeddable":true,"href":"https:\/\/www.notijalapa.net\/noticias\/wp-json\/wp\/v2\/tags?post=17615"}],"curies":[{"name":"wp","href":"https:\/\/api.w.org\/{rel}","templated":true}]}}