{"id":17601,"date":"2024-02-27T10:41:21","date_gmt":"2024-02-27T10:41:21","guid":{"rendered":"https:\/\/www.notijalapa.net\/noticias\/?p=17601"},"modified":"2024-02-27T10:59:09","modified_gmt":"2024-02-27T10:59:09","slug":"cinco-personas-fueron-a-prision-el-pasado-fin-de-semana","status":"publish","type":"post","link":"https:\/\/www.notijalapa.net\/noticias\/2024\/02\/27\/cinco-personas-fueron-a-prision-el-pasado-fin-de-semana\/","title":{"rendered":"Cinco personas fueron a prisi\u00f3n el pasado fin de semana"},"content":{"rendered":"<p>Agentes de la Polic\u00eda Nacional Civil durante el fin de semana le dieron cumplimiento a una serie de operativos en puntos estrat\u00e9gicos del departamento de Jalapa, con el objetivo de evitar hechos delictivos, seg\u00fan el agente Jos\u00e9 V\u00e1squez de la oficina de comunicaci\u00f3n social.<\/p>\n<p><a href=\"https:\/\/www.notijalapa.net\/noticias\/2024\/02\/27\/aun-no-hay-terna-aunque-ya-evaluaron-los-expedientes-para-gobernador\/\">MIRA: A\u00fan no hay terna, aunque ya evaluaron los expedientes para gobernador<\/a><\/p>\n<p>Como resultado de los operativos se esta reportando la detenci\u00f3n de cinco personas por cometer diferentes delitos y falta, tres veh\u00edculos y una motocicleta que tambi\u00e9n fueron consignados y trasladados al predio respectivo.<\/p>\n<p><iframe loading=\"lazy\" title=\"Cinco personas fueron a prisi\u00f3n el pasado fin de semana\" width=\"640\" height=\"360\" src=\"https:\/\/www.youtube.com\/embed\/rq2_SILnZD0?feature=oembed\" frameborder=\"0\" allow=\"accelerometer; autoplay; clipboard-write; encrypted-media; gyroscope; picture-in-picture; web-share\" referrerpolicy=\"strict-origin-when-cross-origin\" allowfullscreen><\/iframe><\/p>\n<p>En el barrio La Reforma, del municipio de Monjas, fue localizada la motocicleta con matr\u00edcula M645HTS, la cual al solicitarle la solvencia respectiva le aparece de haber sido robada el 21 de febrero del 2024.<\/p>\n<p>Tambi\u00e9n fue localizado un menor de 10 a\u00f1os, quien se encontraba extraviado en el interior del mercado municipal de Jalapa, inmediatamente se coloca la imagen del menor en las redes sociales y los progenitores fueron de emergencia para que se los entregaran.<\/p>\n<p style=\"text-align: center;\"><iframe loading=\"lazy\" style=\"border: none; overflow: hidden;\" src=\"https:\/\/www.facebook.com\/plugins\/post.php?href=https%3A%2F%2Fwww.facebook.com%2Fpermalink.php%3Fstory_fbid%3Dpfbid02XTTYjYHAyV7zigMaCxH7Y1koEr3RkSXbm4qfvUmErn5sC2ymb4wZiC9uyesZ9eBcl%26id%3D100083158940816&amp;show_text=true&amp;width=500\" width=\"500\" height=\"794\" frameborder=\"0\" scrolling=\"no\" allowfullscreen=\"allowfullscreen\"><\/iframe><\/p>\n","protected":false},"excerpt":{"rendered":"<p>Agentes de la Polic\u00eda Nacional Civil durante el fin de semana le dieron cumplimiento a una serie de operativos en puntos estrat\u00e9gicos del departamento de Jalapa, con el objetivo de evitar hechos delictivos, seg\u00fan el agente Jos\u00e9 V\u00e1squez de la oficina de comunicaci\u00f3n social. MIRA: A\u00fan no hay terna, aunque ya evaluaron los expedientes para gobernador Como resultado de los operativos se esta reportando la detenci\u00f3n de cinco personas por cometer diferentes delitos y falta, tres veh\u00edculos y una motocicleta que tambi\u00e9n fueron consignados y trasladados al predio respectivo. En&hellip;<\/p>\n","protected":false},"author":2,"featured_media":17602,"comment_status":"open","ping_status":"open","sticky":false,"template":"","format":"standard","meta":{"footnotes":""},"categories":[3],"tags":[5404,2565],"class_list":["post-17601","post","type-post","status-publish","format-standard","has-post-thumbnail","hentry","category-locales","tag-cinco-personas-fueron-a-prision","tag-el-pasado-fin-de-semana"],"gutentor_comment":0,"_links":{"self":[{"href":"https:\/\/www.notijalapa.net\/noticias\/wp-json\/wp\/v2\/posts\/17601","targetHints":{"allow":["GET"]}}],"collection":[{"href":"https:\/\/www.notijalapa.net\/noticias\/wp-json\/wp\/v2\/posts"}],"about":[{"href":"https:\/\/www.notijalapa.net\/noticias\/wp-json\/wp\/v2\/types\/post"}],"author":[{"embeddable":true,"href":"https:\/\/www.notijalapa.net\/noticias\/wp-json\/wp\/v2\/users\/2"}],"replies":[{"embeddable":true,"href":"https:\/\/www.notijalapa.net\/noticias\/wp-json\/wp\/v2\/comments?post=17601"}],"version-history":[{"count":2,"href":"https:\/\/www.notijalapa.net\/noticias\/wp-json\/wp\/v2\/posts\/17601\/revisions"}],"predecessor-version":[{"id":17624,"href":"https:\/\/www.notijalapa.net\/noticias\/wp-json\/wp\/v2\/posts\/17601\/revisions\/17624"}],"wp:featuredmedia":[{"embeddable":true,"href":"https:\/\/www.notijalapa.net\/noticias\/wp-json\/wp\/v2\/media\/17602"}],"wp:attachment":[{"href":"https:\/\/www.notijalapa.net\/noticias\/wp-json\/wp\/v2\/media?parent=17601"}],"wp:term":[{"taxonomy":"category","embeddable":true,"href":"https:\/\/www.notijalapa.net\/noticias\/wp-json\/wp\/v2\/categories?post=17601"},{"taxonomy":"post_tag","embeddable":true,"href":"https:\/\/www.notijalapa.net\/noticias\/wp-json\/wp\/v2\/tags?post=17601"}],"curies":[{"name":"wp","href":"https:\/\/api.w.org\/{rel}","templated":true}]}}