{"id":17559,"date":"2024-02-23T10:43:02","date_gmt":"2024-02-23T10:43:02","guid":{"rendered":"https:\/\/www.notijalapa.net\/noticias\/?p=17559"},"modified":"2024-02-23T10:55:56","modified_gmt":"2024-02-23T10:55:56","slug":"la-violencia-en-el-genero-femenino-va-en-aumento","status":"publish","type":"post","link":"https:\/\/www.notijalapa.net\/noticias\/2024\/02\/23\/la-violencia-en-el-genero-femenino-va-en-aumento\/","title":{"rendered":"La violencia en el g\u00e9nero femenino va en aumento"},"content":{"rendered":"<p>A nivel de red de derivaci\u00f3n, aunque no tienen datos estad\u00edsticos cuenta con las tres formas derivadas que tiene que hacer en el Ministerio P\u00fablico y organizaciones donde hay programas que puedan derivar es de todos los delitos que tengan las personas. Cuando las organizaciones tienen conocimiento de alguna v\u00edctima y por un delito les permitan derivar organizaciones dentro de la poblaci\u00f3n o dar acompa\u00f1amiento hacia las instancias de justicia o en donde se ponen las denuncias, seg\u00fan lo manifest\u00f3 la Licda. Mayra Rodr\u00edguez de la Red de Derivaci\u00f3n del Ministerio P\u00fablico.<\/p>\n<p><a href=\"https:\/\/www.notijalapa.net\/noticias\/2024\/02\/23\/cinco-personas-han-ido-a-prision-por-portar-un-arma-de-fuego-de-manera-ilegal\/\">MIRA: Cinco personas han ido a prisi\u00f3n por portar un arma de fuego de manera ilegal<\/a><\/p>\n<p>A\u00fan no cuenta con datos estad\u00edsticos que sean por delitos que espec\u00edficamente pueda ser en an\u00e1lisis de fiscal\u00edas de distrito que cuentan con la persona. Sin embargo; siempre hay denuncias sobre la violencia contra la mujer puestas en distintas instituciones, pero en este caso han aumentado las denuncias.<\/p>\n<p><iframe loading=\"lazy\" title=\"La violencia en el g\u00e9nero femenino va en aumento\" width=\"640\" height=\"360\" src=\"https:\/\/www.youtube.com\/embed\/Iu6W0vEJlu8?feature=oembed\" frameborder=\"0\" allow=\"accelerometer; autoplay; clipboard-write; encrypted-media; gyroscope; picture-in-picture; web-share\" referrerpolicy=\"strict-origin-when-cross-origin\" allowfullscreen><\/iframe><\/p>\n<p>Ellos en la red integran un equipo con tribunales de feminicidios y otras formas de violencia contra la mujer y violencia sexual, era muy necesario y muy \u00fatil, ya que hay una estrecha coordinaci\u00f3n a decir que ellos expresan emociones positivas al saber de esta red en Jalapa.<\/p>\n<p style=\"text-align: center;\"><iframe loading=\"lazy\" style=\"border: none; overflow: hidden;\" src=\"https:\/\/www.facebook.com\/plugins\/post.php?href=https%3A%2F%2Fwww.facebook.com%2Fpermalink.php%3Fstory_fbid%3Dpfbid027HR7gH9uXapAkMLGaGH9tMWzTWEjyh2eVEMBRnSzhQNtN6o5qtQgCs37ujiiiwYkl%26id%3D100083158940816&amp;show_text=true&amp;width=500\" width=\"500\" height=\"794\" frameborder=\"0\" scrolling=\"no\" allowfullscreen=\"allowfullscreen\"><\/iframe><\/p>\n","protected":false},"excerpt":{"rendered":"<p>A nivel de red de derivaci\u00f3n, aunque no tienen datos estad\u00edsticos cuenta con las tres formas derivadas que tiene que hacer en el Ministerio P\u00fablico y organizaciones donde hay programas que puedan derivar es de todos los delitos que tengan las personas. Cuando las organizaciones tienen conocimiento de alguna v\u00edctima y por un delito les permitan derivar organizaciones dentro de la poblaci\u00f3n o dar acompa\u00f1amiento hacia las instancias de justicia o en donde se ponen las denuncias, seg\u00fan lo manifest\u00f3 la Licda. Mayra Rodr\u00edguez de la Red de Derivaci\u00f3n del&hellip;<\/p>\n","protected":false},"author":2,"featured_media":17550,"comment_status":"open","ping_status":"open","sticky":false,"template":"","format":"standard","meta":{"footnotes":""},"categories":[3],"tags":[5855,256],"class_list":["post-17559","post","type-post","status-publish","format-standard","has-post-thumbnail","hentry","category-locales","tag-la-violencia-en-el-genero-femenino","tag-va-en-aumento"],"gutentor_comment":0,"_links":{"self":[{"href":"https:\/\/www.notijalapa.net\/noticias\/wp-json\/wp\/v2\/posts\/17559","targetHints":{"allow":["GET"]}}],"collection":[{"href":"https:\/\/www.notijalapa.net\/noticias\/wp-json\/wp\/v2\/posts"}],"about":[{"href":"https:\/\/www.notijalapa.net\/noticias\/wp-json\/wp\/v2\/types\/post"}],"author":[{"embeddable":true,"href":"https:\/\/www.notijalapa.net\/noticias\/wp-json\/wp\/v2\/users\/2"}],"replies":[{"embeddable":true,"href":"https:\/\/www.notijalapa.net\/noticias\/wp-json\/wp\/v2\/comments?post=17559"}],"version-history":[{"count":2,"href":"https:\/\/www.notijalapa.net\/noticias\/wp-json\/wp\/v2\/posts\/17559\/revisions"}],"predecessor-version":[{"id":17568,"href":"https:\/\/www.notijalapa.net\/noticias\/wp-json\/wp\/v2\/posts\/17559\/revisions\/17568"}],"wp:featuredmedia":[{"embeddable":true,"href":"https:\/\/www.notijalapa.net\/noticias\/wp-json\/wp\/v2\/media\/17550"}],"wp:attachment":[{"href":"https:\/\/www.notijalapa.net\/noticias\/wp-json\/wp\/v2\/media?parent=17559"}],"wp:term":[{"taxonomy":"category","embeddable":true,"href":"https:\/\/www.notijalapa.net\/noticias\/wp-json\/wp\/v2\/categories?post=17559"},{"taxonomy":"post_tag","embeddable":true,"href":"https:\/\/www.notijalapa.net\/noticias\/wp-json\/wp\/v2\/tags?post=17559"}],"curies":[{"name":"wp","href":"https:\/\/api.w.org\/{rel}","templated":true}]}}