{"id":17424,"date":"2024-02-16T10:41:24","date_gmt":"2024-02-16T10:41:24","guid":{"rendered":"https:\/\/www.notijalapa.net\/noticias\/?p=17424"},"modified":"2024-02-16T10:41:24","modified_gmt":"2024-02-16T10:41:24","slug":"caminos-espera-convenios-con-las-municipalidades-para-empezar-a-trabajar-las-carreteras","status":"publish","type":"post","link":"https:\/\/www.notijalapa.net\/noticias\/2024\/02\/16\/caminos-espera-convenios-con-las-municipalidades-para-empezar-a-trabajar-las-carreteras\/","title":{"rendered":"Caminos espera convenios con las municipalidades para empezar a trabajar las carreteras"},"content":{"rendered":"<p>Este a\u00f1o se inicia con el traslado de la maquinaria de la direcci\u00f3n general de CAMINOS que se tiene en el municipio de San Carlos Alzatate, se trasladan para los proyectos que se tienen para este a\u00f1o, estar\u00e1 viendo con que alcalde es m\u00e1s factible realizar el primer convenio para empezar con el trabajo de este a\u00f1o 2024, seg\u00fan lo dio a conocer Antonio Garc\u00eda delegado de CAMINOS.<\/p>\n<p>Agreg\u00f3 que, en la visita presidencial con el gobierno anterior se escuch\u00f3 el rumor de que la carretera que conduce de San Antonio, Monjas, hacia R\u00edo Blanco y posteriormente hacia San Carlos Alzatate, ser\u00eda la ruta que iban asfaltar, pero solo qued\u00f3 en una idea, ya que no se realiz\u00f3. Ahora que si las autoridades superiores deciden hacerlo ya ser\u00eda con este nuevo gobierno.<\/p>\n<p>El problema de la ruta departamental es que sigma cobr\u00f3 y no realiz\u00f3 el trabajo, como era en otros tiempos en donde no ten\u00edan nada que ver los avances financieros con el avance f\u00edsico, cobraron el total de la obra y no la trabajaron. Ahora ese es el problema legal que tiene esa carretera y no se puede invertir en ese proyecto porque definitivamente habr\u00eda problemas legales.<\/p>\n","protected":false},"excerpt":{"rendered":"<p>Este a\u00f1o se inicia con el traslado de la maquinaria de la direcci\u00f3n general de CAMINOS que se tiene en el municipio de San Carlos Alzatate, se trasladan para los proyectos que se tienen para este a\u00f1o, estar\u00e1 viendo con que alcalde es m\u00e1s factible realizar el primer convenio para empezar con el trabajo de este a\u00f1o 2024, seg\u00fan lo dio a conocer Antonio Garc\u00eda delegado de CAMINOS. Agreg\u00f3 que, en la visita presidencial con el gobierno anterior se escuch\u00f3 el rumor de que la carretera que conduce de San&hellip;<\/p>\n","protected":false},"author":2,"featured_media":17419,"comment_status":"open","ping_status":"open","sticky":false,"template":"","format":"standard","meta":{"footnotes":""},"categories":[3],"tags":[5799,5800],"class_list":["post-17424","post","type-post","status-publish","format-standard","has-post-thumbnail","hentry","category-locales","tag-caminos-espera-convenios-con-las-municipalidades","tag-para-empezar-a-trabajar-las-carreteras"],"gutentor_comment":0,"_links":{"self":[{"href":"https:\/\/www.notijalapa.net\/noticias\/wp-json\/wp\/v2\/posts\/17424","targetHints":{"allow":["GET"]}}],"collection":[{"href":"https:\/\/www.notijalapa.net\/noticias\/wp-json\/wp\/v2\/posts"}],"about":[{"href":"https:\/\/www.notijalapa.net\/noticias\/wp-json\/wp\/v2\/types\/post"}],"author":[{"embeddable":true,"href":"https:\/\/www.notijalapa.net\/noticias\/wp-json\/wp\/v2\/users\/2"}],"replies":[{"embeddable":true,"href":"https:\/\/www.notijalapa.net\/noticias\/wp-json\/wp\/v2\/comments?post=17424"}],"version-history":[{"count":2,"href":"https:\/\/www.notijalapa.net\/noticias\/wp-json\/wp\/v2\/posts\/17424\/revisions"}],"predecessor-version":[{"id":17426,"href":"https:\/\/www.notijalapa.net\/noticias\/wp-json\/wp\/v2\/posts\/17424\/revisions\/17426"}],"wp:featuredmedia":[{"embeddable":true,"href":"https:\/\/www.notijalapa.net\/noticias\/wp-json\/wp\/v2\/media\/17419"}],"wp:attachment":[{"href":"https:\/\/www.notijalapa.net\/noticias\/wp-json\/wp\/v2\/media?parent=17424"}],"wp:term":[{"taxonomy":"category","embeddable":true,"href":"https:\/\/www.notijalapa.net\/noticias\/wp-json\/wp\/v2\/categories?post=17424"},{"taxonomy":"post_tag","embeddable":true,"href":"https:\/\/www.notijalapa.net\/noticias\/wp-json\/wp\/v2\/tags?post=17424"}],"curies":[{"name":"wp","href":"https:\/\/api.w.org\/{rel}","templated":true}]}}