{"id":17366,"date":"2024-02-14T10:39:36","date_gmt":"2024-02-14T10:39:36","guid":{"rendered":"https:\/\/www.notijalapa.net\/noticias\/?p=17366"},"modified":"2024-02-14T10:39:36","modified_gmt":"2024-02-14T10:39:36","slug":"lo-metieron-a-la-carcel-porque-agredio-fisica-y-sexualmente-a-una-mujer","status":"publish","type":"post","link":"https:\/\/www.notijalapa.net\/noticias\/2024\/02\/14\/lo-metieron-a-la-carcel-porque-agredio-fisica-y-sexualmente-a-una-mujer\/","title":{"rendered":"Lo metieron a la c\u00e1rcel porque agredi\u00f3 f\u00edsica y sexualmente a una mujer"},"content":{"rendered":"<p>En la aldea El Rodeo del departamento de Jalapa fue detenido por pobladores el se\u00f1or Edy Evaristo Rom\u00e1n Marcos; de 27 a\u00f1os, esta persona es sindicada de agredir f\u00edsica y sexualmente a una mujer de 51 a\u00f1os, seg\u00fan lo dio a conocer Jos\u00e9 V\u00e1squez de la oficina de comunicaci\u00f3n social de Polic\u00eda Nacional Civil.<\/p>\n<p>Con la buena coordinaci\u00f3n que tuvieron los agentes de PNC junto con un grupo de personas del lugar, estas personas lo entregaron para que solvente su situaci\u00f3n en el juzgado correspondiente.<\/p>\n<p>Seg\u00fan la informaci\u00f3n que da V\u00e1zquez, la persona agredida fue trasladada a un centro asistencial para que fuera atendida por m\u00e9dicos de turno.<\/p>\n","protected":false},"excerpt":{"rendered":"<p>En la aldea El Rodeo del departamento de Jalapa fue detenido por pobladores el se\u00f1or Edy Evaristo Rom\u00e1n Marcos; de 27 a\u00f1os, esta persona es sindicada de agredir f\u00edsica y sexualmente a una mujer de 51 a\u00f1os, seg\u00fan lo dio a conocer Jos\u00e9 V\u00e1squez de la oficina de comunicaci\u00f3n social de Polic\u00eda Nacional Civil. Con la buena coordinaci\u00f3n que tuvieron los agentes de PNC junto con un grupo de personas del lugar, estas personas lo entregaron para que solvente su situaci\u00f3n en el juzgado correspondiente. Seg\u00fan la informaci\u00f3n que da&hellip;<\/p>\n","protected":false},"author":2,"featured_media":17367,"comment_status":"open","ping_status":"open","sticky":false,"template":"","format":"standard","meta":{"footnotes":""},"categories":[3],"tags":[5772,5771],"class_list":["post-17366","post","type-post","status-publish","format-standard","has-post-thumbnail","hentry","category-locales","tag-agredio-fisica-y-sexualmente-a-una-mujer","tag-lo-metieron-a-la-carcel-porque"],"gutentor_comment":0,"_links":{"self":[{"href":"https:\/\/www.notijalapa.net\/noticias\/wp-json\/wp\/v2\/posts\/17366","targetHints":{"allow":["GET"]}}],"collection":[{"href":"https:\/\/www.notijalapa.net\/noticias\/wp-json\/wp\/v2\/posts"}],"about":[{"href":"https:\/\/www.notijalapa.net\/noticias\/wp-json\/wp\/v2\/types\/post"}],"author":[{"embeddable":true,"href":"https:\/\/www.notijalapa.net\/noticias\/wp-json\/wp\/v2\/users\/2"}],"replies":[{"embeddable":true,"href":"https:\/\/www.notijalapa.net\/noticias\/wp-json\/wp\/v2\/comments?post=17366"}],"version-history":[{"count":1,"href":"https:\/\/www.notijalapa.net\/noticias\/wp-json\/wp\/v2\/posts\/17366\/revisions"}],"predecessor-version":[{"id":17373,"href":"https:\/\/www.notijalapa.net\/noticias\/wp-json\/wp\/v2\/posts\/17366\/revisions\/17373"}],"wp:featuredmedia":[{"embeddable":true,"href":"https:\/\/www.notijalapa.net\/noticias\/wp-json\/wp\/v2\/media\/17367"}],"wp:attachment":[{"href":"https:\/\/www.notijalapa.net\/noticias\/wp-json\/wp\/v2\/media?parent=17366"}],"wp:term":[{"taxonomy":"category","embeddable":true,"href":"https:\/\/www.notijalapa.net\/noticias\/wp-json\/wp\/v2\/categories?post=17366"},{"taxonomy":"post_tag","embeddable":true,"href":"https:\/\/www.notijalapa.net\/noticias\/wp-json\/wp\/v2\/tags?post=17366"}],"curies":[{"name":"wp","href":"https:\/\/api.w.org\/{rel}","templated":true}]}}