{"id":17352,"date":"2024-02-13T10:41:09","date_gmt":"2024-02-13T10:41:09","guid":{"rendered":"https:\/\/www.notijalapa.net\/noticias\/?p=17352"},"modified":"2024-02-13T10:54:34","modified_gmt":"2024-02-13T10:54:34","slug":"evitemos-accidentes-conduzcamos-con-responsabilidad","status":"publish","type":"post","link":"https:\/\/www.notijalapa.net\/noticias\/2024\/02\/13\/evitemos-accidentes-conduzcamos-con-responsabilidad\/","title":{"rendered":"Evitemos accidentes, conduzcamos con responsabilidad"},"content":{"rendered":"<p>El pasado fin de semana se reportaron al menos siete accidentes de tr\u00e1nsito en el casco urbano y en las carreteras hacia los municipios, la alta velocidad es la protagonista de la mayor\u00eda de los accidentes, seg\u00fan lo dio a conocer Cesar Vela Oficial de Bomberos Voluntarios.<\/p>\n<p><a href=\"https:\/\/www.notijalapa.net\/noticias\/2024\/02\/13\/unicamente-tres-personas-fueron-a-prision-el-fin-de-semana\/#google_vignette\">MIRA: \u00danicamente tres personas fueron a prisi\u00f3n el fin de semana<\/a><\/p>\n<p>El no respetar los l\u00edmites de velocidad al frenar simplemente derrapan y se provoca el accidente. Otra de las situaciones en los motoristas que en su mayor\u00eda no carga casco protector y eso puede hacer la diferencia entre la vida y la muerte.<\/p>\n<p><iframe loading=\"lazy\" title=\"Evitemos accidentes, conduzcamos con responsabilidad\" width=\"640\" height=\"360\" src=\"https:\/\/www.youtube.com\/embed\/TFhMvOHHb8I?feature=oembed\" frameborder=\"0\" allow=\"accelerometer; autoplay; clipboard-write; encrypted-media; gyroscope; picture-in-picture; web-share\" referrerpolicy=\"strict-origin-when-cross-origin\" allowfullscreen><\/iframe><\/p>\n<p>Recomienda el Oficial que, aunque llevemos la v\u00eda, es mejor detenernos unos segundos porque hay personas que desconocen Jalapa o que por imprudentes causan accidentes al pasarse las intersecciones.<\/p>\n<p>En la entrada a La Metroplaza tambi\u00e9n han sido recurrentes los accidentes, porque los pilotos al cruzar al centro comercial hay pilotos que ponen fuera de tiempo su se\u00f1alizaci\u00f3n o no la ponen, causando accidentes en dicho lugar, por lo que sugiere tomar las medidas de precauci\u00f3n y que las autoridades hagan la debida se\u00f1alizaci\u00f3n para evitar accidentes en ese lugar.<\/p>\n<p style=\"text-align: center;\"><iframe loading=\"lazy\" style=\"border: none; overflow: hidden;\" src=\"https:\/\/www.facebook.com\/plugins\/post.php?href=https%3A%2F%2Fwww.facebook.com%2Fpermalink.php%3Fstory_fbid%3Dpfbid0vpkPYQHYXFZepycP8vU2bfT7ofstvBRsqdkBFQjabPSACyngpgpTR4vtkUK5v647l%26id%3D100083158940816&amp;show_text=true&amp;width=500\" width=\"500\" height=\"525\" frameborder=\"0\" scrolling=\"no\" allowfullscreen=\"allowfullscreen\"><\/iframe><\/p>\n","protected":false},"excerpt":{"rendered":"<p>El pasado fin de semana se reportaron al menos siete accidentes de tr\u00e1nsito en el casco urbano y en las carreteras hacia los municipios, la alta velocidad es la protagonista de la mayor\u00eda de los accidentes, seg\u00fan lo dio a conocer Cesar Vela Oficial de Bomberos Voluntarios. MIRA: \u00danicamente tres personas fueron a prisi\u00f3n el fin de semana El no respetar los l\u00edmites de velocidad al frenar simplemente derrapan y se provoca el accidente. Otra de las situaciones en los motoristas que en su mayor\u00eda no carga casco protector y&hellip;<\/p>\n","protected":false},"author":2,"featured_media":17343,"comment_status":"open","ping_status":"open","sticky":false,"template":"","format":"standard","meta":{"footnotes":""},"categories":[3],"tags":[2201,5768],"class_list":["post-17352","post","type-post","status-publish","format-standard","has-post-thumbnail","hentry","category-locales","tag-conduzcamos-con-responsabilidad","tag-evitemos-accidentes"],"gutentor_comment":0,"_links":{"self":[{"href":"https:\/\/www.notijalapa.net\/noticias\/wp-json\/wp\/v2\/posts\/17352","targetHints":{"allow":["GET"]}}],"collection":[{"href":"https:\/\/www.notijalapa.net\/noticias\/wp-json\/wp\/v2\/posts"}],"about":[{"href":"https:\/\/www.notijalapa.net\/noticias\/wp-json\/wp\/v2\/types\/post"}],"author":[{"embeddable":true,"href":"https:\/\/www.notijalapa.net\/noticias\/wp-json\/wp\/v2\/users\/2"}],"replies":[{"embeddable":true,"href":"https:\/\/www.notijalapa.net\/noticias\/wp-json\/wp\/v2\/comments?post=17352"}],"version-history":[{"count":2,"href":"https:\/\/www.notijalapa.net\/noticias\/wp-json\/wp\/v2\/posts\/17352\/revisions"}],"predecessor-version":[{"id":17362,"href":"https:\/\/www.notijalapa.net\/noticias\/wp-json\/wp\/v2\/posts\/17352\/revisions\/17362"}],"wp:featuredmedia":[{"embeddable":true,"href":"https:\/\/www.notijalapa.net\/noticias\/wp-json\/wp\/v2\/media\/17343"}],"wp:attachment":[{"href":"https:\/\/www.notijalapa.net\/noticias\/wp-json\/wp\/v2\/media?parent=17352"}],"wp:term":[{"taxonomy":"category","embeddable":true,"href":"https:\/\/www.notijalapa.net\/noticias\/wp-json\/wp\/v2\/categories?post=17352"},{"taxonomy":"post_tag","embeddable":true,"href":"https:\/\/www.notijalapa.net\/noticias\/wp-json\/wp\/v2\/tags?post=17352"}],"curies":[{"name":"wp","href":"https:\/\/api.w.org\/{rel}","templated":true}]}}